{"id":5852,"date":"2024-12-17T10:47:23","date_gmt":"2024-12-17T08:47:23","guid":{"rendered":"https:\/\/blog.mdi-training.com\/de\/?p=5852"},"modified":"2024-12-17T10:47:23","modified_gmt":"2024-12-17T08:47:23","slug":"selbstfuehrung-die-kraft-in-uns-nutzen","status":"publish","type":"post","link":"https:\/\/blog.mdi-training.com\/de\/2024\/12\/17\/selbstfuehrung-die-kraft-in-uns-nutzen\/","title":{"rendered":"Selbstf\u00fchrung: Die Kraft in uns nutzen"},"content":{"rendered":"<p>[et_pb_section fb_built=&#8220;1&#8243; _builder_version=&#8220;4.16&#8243; global_colors_info=&#8220;{}&#8220;][et_pb_row _builder_version=&#8220;4.19.4&#8243; background_size=&#8220;initial&#8220; background_position=&#8220;top_left&#8220; background_repeat=&#8220;repeat&#8220; width=&#8220;79.5%&#8220; custom_margin=&#8220;||||false|false&#8220; custom_padding=&#8220;13px|||||&#8220; global_colors_info=&#8220;{}&#8220;][et_pb_column type=&#8220;4_4&#8243; _builder_version=&#8220;4.16&#8243; custom_padding=&#8220;|||&#8220; global_colors_info=&#8220;{}&#8220; custom_padding__hover=&#8220;|||&#8220;][et_pb_video _builder_version=&#8220;4.19.4&#8243; _module_preset=&#8220;default&#8220; global_colors_info=&#8220;{}&#8220;][\/et_pb_video][et_pb_text _builder_version=&#8220;4.19.4&#8243; _module_preset=&#8220;default&#8220; min_height=&#8220;74px&#8220; custom_margin=&#8220;||-13px|||&#8220; custom_padding=&#8220;||0px|||&#8220; global_colors_info=&#8220;{}&#8220;]<\/p>\n<h3><strong>Selbstf\u00fchrung: Die Kraft in uns nutzen<\/strong><\/h3>\n<p><span style=\"color: #951d7d;\"><strong>Du willst dir diesen Blogbeitrag lieber anh\u00f6ren? Klicke hier, um die Audioversion zu erreichen!<\/strong><\/span><\/p>\n<p>&nbsp;<\/p>\n<p>[\/et_pb_text][et_pb_video src=&#8220;https:\/\/youtu.be\/VcHnFYVz4js&#8220; _builder_version=&#8220;4.19.4&#8243; _module_preset=&#8220;default&#8220; hover_enabled=&#8220;0&#8243; sticky_enabled=&#8220;0&#8243;][\/et_pb_video][et_pb_text admin_label=&#8220;Einleitung&#8220; _builder_version=&#8220;4.19.4&#8243; vertical_offset_tablet=&#8220;0&#8243; horizontal_offset_tablet=&#8220;0&#8243; z_index_tablet=&#8220;0&#8243; text_text_shadow_horizontal_length_tablet=&#8220;0px&#8220; text_text_shadow_vertical_length_tablet=&#8220;0px&#8220; text_text_shadow_blur_strength_tablet=&#8220;1px&#8220; link_text_shadow_horizontal_length_tablet=&#8220;0px&#8220; link_text_shadow_vertical_length_tablet=&#8220;0px&#8220; link_text_shadow_blur_strength_tablet=&#8220;1px&#8220; ul_text_shadow_horizontal_length_tablet=&#8220;0px&#8220; ul_text_shadow_vertical_length_tablet=&#8220;0px&#8220; ul_text_shadow_blur_strength_tablet=&#8220;1px&#8220; ol_text_shadow_horizontal_length_tablet=&#8220;0px&#8220; ol_text_shadow_vertical_length_tablet=&#8220;0px&#8220; ol_text_shadow_blur_strength_tablet=&#8220;1px&#8220; quote_text_shadow_horizontal_length_tablet=&#8220;0px&#8220; quote_text_shadow_vertical_length_tablet=&#8220;0px&#8220; quote_text_shadow_blur_strength_tablet=&#8220;1px&#8220; header_text_shadow_horizontal_length_tablet=&#8220;0px&#8220; header_text_shadow_vertical_length_tablet=&#8220;0px&#8220; header_text_shadow_blur_strength_tablet=&#8220;1px&#8220; header_2_text_shadow_horizontal_length_tablet=&#8220;0px&#8220; header_2_text_shadow_vertical_length_tablet=&#8220;0px&#8220; header_2_text_shadow_blur_strength_tablet=&#8220;1px&#8220; header_3_text_shadow_horizontal_length_tablet=&#8220;0px&#8220; header_3_text_shadow_vertical_length_tablet=&#8220;0px&#8220; header_3_text_shadow_blur_strength_tablet=&#8220;1px&#8220; header_4_text_shadow_horizontal_length_tablet=&#8220;0px&#8220; header_4_text_shadow_vertical_length_tablet=&#8220;0px&#8220; header_4_text_shadow_blur_strength_tablet=&#8220;1px&#8220; header_5_text_shadow_horizontal_length_tablet=&#8220;0px&#8220; header_5_text_shadow_vertical_length_tablet=&#8220;0px&#8220; header_5_text_shadow_blur_strength_tablet=&#8220;1px&#8220; header_6_text_shadow_horizontal_length_tablet=&#8220;0px&#8220; header_6_text_shadow_vertical_length_tablet=&#8220;0px&#8220; header_6_text_shadow_blur_strength_tablet=&#8220;1px&#8220; box_shadow_horizontal_tablet=&#8220;0px&#8220; box_shadow_vertical_tablet=&#8220;0px&#8220; box_shadow_blur_tablet=&#8220;40px&#8220; box_shadow_spread_tablet=&#8220;0px&#8220; global_colors_info=&#8220;{}&#8220;]<\/p>\n<h3><strong>Selbstf\u00fchrung: Die Kraft in uns nutzen<\/strong><\/h3>\n<p>In der heutigen schnelllebigen und unvorhersehbaren Welt haben wir oft keine Kontrolle \u00fcber \u00e4u\u00dfere Umst\u00e4nde oder dar\u00fcber, wie andere uns behandeln. Wir verf\u00fcgen jedoch \u00fcber ein m\u00e4chtiges Werkzeug: die F\u00e4higkeit zu w\u00e4hlen<b>, wie wir reagieren<\/b>.<\/p>\n<p>Das bedeutet nicht, sich jeder Situation anzupassen oder L\u00f6sungen zu erzwingen. Stattdessen konzentriert sich die Selbstf\u00fchrung darauf, <b>unsere Gedanken und Emotionen zu verstehen und zu steuern<\/b> \u2013 F\u00e4higkeiten, die unsere Beziehungen und F\u00fchrungsqualit\u00e4ten tiefgreifend beeinflussen k\u00f6nnen.<\/p>\n<h3><strong>Der Kern der F\u00fchrung: Der \u201eIch\u201c-Kreis<\/strong><\/h3>\n<p>Stelle dir die Entwicklung von F\u00fchrungsqualit\u00e4ten als <b>Kaskadeneffekt<\/b> vor. Im Zentrum steht das Selbst \u2013 der Ausgangspunkt f\u00fcr die Beeinflussung aller \u00e4u\u00dferen Kreise: Einzelpersonen, Teams, Organisationen und das weitere Umfeld. Die \u201eIch\u201c-Dimension ist grundlegend.<\/p>\n<p>Wie wir mit anderen in Kontakt treten oder Organisationssysteme gestalten, h\u00e4ngt direkt von unserem <b>inneren Zustand <\/b>ab. Konzentrieren wir uns zun\u00e4chst auf diesen entscheidenden Kern: <b>Selbstf\u00fchrung<\/b>.<\/p>\n<p>[\/et_pb_text][et_pb_divider _builder_version=&#8220;4.19.4&#8243; global_colors_info=&#8220;{}&#8220;][\/et_pb_divider][et_pb_image src=&#8220;https:\/\/blog.mdi-training.com\/de\/wp-content\/uploads\/sites\/2\/2024\/12\/Self-Leadership-Harnessing-the-Power-Within-2.png&#8220; alt=&#8220;Key Dimensions of Leadership we focus on&#8220; title_text=&#8220;Key Dimensions of Leadership we focus on&#8220; _builder_version=&#8220;4.19.4&#8243; _module_preset=&#8220;default&#8220; global_colors_info=&#8220;{}&#8220;][\/et_pb_image][et_pb_text _builder_version=&#8220;4.19.4&#8243; _module_preset=&#8220;default&#8220; min_height=&#8220;3px&#8220; custom_padding=&#8220;3px|||||&#8220; global_colors_info=&#8220;{}&#8220;]<\/p>\n<h3><strong>Empathie vs. Mitgef\u00fchl: Die Wahl der Verbindung<\/strong><\/h3>\n<p>Empathie ist ein Eckpfeiler der Selbstf\u00fchrung und f\u00f6rdert die <b>Verbindung<\/b>, w\u00e4hrend Mitgef\u00fchl ungewollt Distanz schaffen kann. Laut Brene Brown umfasst Empathie:<\/p>\n<ul>\n<li><span style=\"color: #951d7d;\"><b>Perspektiv\u00fcbernahme<\/b><\/span>: Die Welt durch die Augen eines anderen sehen.<\/li>\n<li><span style=\"color: #951d7d;\"><b>Nicht-Urteilen<\/b><\/span>: Die Erfahrungen anderer nicht beurteilen.<\/li>\n<li><span style=\"color: #951d7d;\"><b>Emotionale Anerkennung<\/b><\/span>: Die Emotionen anderer erkennen und best\u00e4tigen.<\/li>\n<li><span style=\"color: #951d7d;\"><b>Mit anderen f\u00fchlen<\/b><\/span>: Sich wirklich in ihre emotionale Erfahrung hineinversetzen.<\/li>\n<\/ul>\n<p>F\u00fchrungskr\u00e4fte haben oft Schwierigkeiten mit <b>Verletzlichkeit, Unvollkommenheit<\/b> und den unkontrollierbaren Aspekten des Lebens und von Beziehungen. Unsere biologische Veranlagung ist dabei keine Hilfe \u2013 wir sind darauf programmiert, potenzielle Bedrohungen zu erkennen und darauf zu reagieren. Es ist ein \u00dcberlebensmechanismus, der Bindungen behindern kann. Dies zu erkennen und anzugehen, ist der Schl\u00fcssel zu einer <b>empathischen F\u00fchrung<\/b>.<\/p>\n<h3><strong>Reaktionsf\u00e4higkeit kultivieren<\/strong><\/h3>\n<p>Wir k\u00f6nnen zwar \u00e4u\u00dfere Ereignisse nicht kontrollieren, aber wir k\u00f6nnen kontrollieren, wie wir reagieren \u2013 unsere <b>Reaktionsf\u00e4higkeit.<\/b>\u00a0Hilfsmittel wie tiefes, bewusstes Atmen und regelm\u00e4\u00dfige Meditation k\u00f6nnen helfen, das Alarmsystem des Gehirns zu beruhigen und Raum zwischen Reiz und Reaktion zu schaffen. <b>Dankbarkeitspraktiken <\/b>k\u00f6nnen unseren Fokus auf das Positive lenken und die wahrgenommenen Bedrohungen abschw\u00e4chen.<\/p>\n<p>Diese Gewohnheiten bef\u00e4higen F\u00fchrungskr\u00e4fte, <b>\u00fcberlegt<\/b> Entscheidungen zu treffen, selbst inmitten von Komplexit\u00e4t und widerspr\u00fcchlichen Bed\u00fcrfnissen.<\/p>\n<h3><strong>Entscheidungsfindung in der F\u00fchrungsrolle: Komplexit\u00e4ten meistern<\/strong><\/h3>\n<p>Als F\u00fchrungskraft Entscheidungen zu treffen ist von Natur aus eine Herausforderung. Es ist unm\u00f6glich, es allen recht zu machen und jede Entscheidung ruft Kritik hervor. Wenn wir uns dieser Realit\u00e4t bewusst sind, k\u00f6nnen wir <b>mit Konflikten umgehen<\/b>, die ein normaler Bestandteil des Organisationslebens sind.<\/p>\n<p>Entscheidungen werden immer Kompromisse mit sich bringen, aber durch die Einbeziehung <b>verschiedener Perspektiven <\/b>und die <b>Aufrechterhaltung des Selbstbewusstseins<\/b> k\u00f6nnen F\u00fchrungskr\u00e4fte nach den bestm\u00f6glichen Ergebnissen streben.<\/p>\n<h3><strong>Dein inneres Team umarmen<\/strong><\/h3>\n<p>Zur Selbstf\u00fchrung geh\u00f6rt auch, die vielen Stimmen in uns \u2013 unser \u201e<b>inneres Team<\/b>\u201c \u2013 zu erkennen und in Einklang zu bringen. Jede Stimme steht f\u00fcr eine Perspektive oder Eigenschaft, wie z. B. den:die <b>Perfektionist:in<\/b>, den:die <b>Empathische:n<\/b> oder den:die <b>\u00c4ngstliche:n<\/b>. Das Zuh\u00f6ren und Integrieren dieser Stimmen st\u00e4rkt die <b>Entscheidungsfindung und Kommunikation<\/b>.<\/p>\n<p>[\/et_pb_text][et_pb_image src=&#8220;https:\/\/blog.mdi-training.com\/de\/wp-content\/uploads\/sites\/2\/2024\/03\/Team-Building-for-a-Client-Success-and-Togetherness.jpg&#8220; alt=&#8220;Dein inneres Team st\u00e4rken&#8220; title_text=&#8220;Dein inneres Team st\u00e4rken&#8220; _builder_version=&#8220;4.19.4&#8243; _module_preset=&#8220;default&#8220; global_colors_info=&#8220;{}&#8220;][\/et_pb_image][et_pb_text _builder_version=&#8220;4.19.4&#8243; _module_preset=&#8220;default&#8220; global_colors_info=&#8220;{}&#8220;]<\/p>\n<h3><strong>Praktische \u00dcbung:<\/strong><\/h3>\n<p>Stelle dir sich zun\u00e4chst eine Frage, wie z. B. \u201e<b>Soll ich diesen Konflikt ansprechen<\/b>?\u201c Stelle dir die verschiedenen beteiligten inneren Stimmen vor und weise ihnen Rollen oder Charaktere zu. Zum Beispiel:<\/p>\n<ul>\n<li><span style=\"color: #951d7d;\"><b>Der:die Perfektionist:in<\/b><\/span>: Besteht auf einer fehlerfreien Ausf\u00fchrung.<\/li>\n<li><span style=\"color: #951d7d;\"><b>Der:die \u00c4ngstliche<\/b><\/span>: Warnt vor potenziellen Risiken.<\/li>\n<li><span style=\"color: #951d7d;\"><b>Der:die Rationale<\/b><\/span>: Strebt nach Logik und Ausgewogenheit.<\/li>\n<li><span style=\"color: #951d7d;\"><b>Der:die W\u00fctende<\/b><\/span>: Setzt sich vehement f\u00fcr Grenzen ein.<\/li>\n<\/ul>\n<p>Identifiziere, welche Stimmen <b>lauter oder widerstandsf\u00e4higer<\/b> sind, und lasse jede zu Wort kommen. Ernenne dann eine:n \u201einnere:n Teamleiter:in\u201c, der:die vermittelt und sicherstellt, dass alle Perspektiven geh\u00f6rt und in einen <b>koh\u00e4renten Plan<\/b> integriert werden.<\/p>\n<p>In meinem eigenen inneren Team bringe ich Stimmen wie die Einf\u00fchlsame, die Starke, die \u00c4ngstliche und die Rationale in Einklang. Jede hat ihren Wert, und meine innere F\u00fchrungskraft arbeitet daran, sie <b>zu harmonisieren<\/b>, die <b>Zusammenarbeit zu f\u00f6rdern<\/b> und Entscheidungen zu treffen, die das Beste aus <b>allen Perspektiven<\/b> widerspiegeln.<\/p>\n<h3><strong>Fazit<\/strong><\/h3>\n<p>Bei Selbstf\u00fchrung geht es nicht um Perfektion, sondern um <b>Bewusstsein und Absicht<\/b>. Durch die Kultivierung von Empathie, das \u00dcben von Reaktionsf\u00e4higkeit und das Annehmen der Weisheit deines inneren Teams kannst du Entscheidungen mit Klarheit und Zuversicht treffen.<\/p>\n<p>Wenn wir uns selbst effektiv f\u00fchren, <b>bef\u00e4higen wir andere, sich zu entfalten<\/b>, und schaffen so positive Ver\u00e4nderungen, die weit \u00fcber den Kreis des \u201eIch\u201c hinausgehen.<\/p>\n<p>[\/et_pb_text][et_pb_team_member name=&#8220;Meike Hinnenberg&#8220; position=&#8220;Learning &#038; Development Consultant&#8220; image_url=&#8220;https:\/\/blog.mdi-training.com\/de\/wp-content\/uploads\/sites\/2\/2024\/12\/Meike-2.png&#8220; linkedin_url=&#8220;https:\/\/www.linkedin.com\/in\/meike-hinnenberg-learning-and-development-consultant\/?originalSubdomain=de&#8220; _builder_version=&#8220;4.19.4&#8243; _module_preset=&#8220;default&#8220; global_colors_info=&#8220;{}&#8220;]<\/p>\n<p>Meike Hinnenberg ist Trainerin bei der MDI Management Development GmbH und spezialisiert auf Kommunikation, Konfliktmanagement, Vielfalt und Inklusion sowie laterale F\u00fchrung.<\/p>\n<p>[\/et_pb_team_member][\/et_pb_column][\/et_pb_row][et_pb_row _builder_version=&#8220;4.16&#8243; custom_margin=&#8220;24px|auto||auto||&#8220; global_colors_info=&#8220;{}&#8220;][et_pb_column type=&#8220;4_4&#8243; _builder_version=&#8220;4.16&#8243; global_colors_info=&#8220;{}&#8220;][et_pb_text _builder_version=&#8220;4.16&#8243; global_colors_info=&#8220;{}&#8220;]<\/p>\n<h2 style=\"text-align: center\">Was hilft als n\u00e4chstes?<\/h2>\n<p>[\/et_pb_text][et_pb_post_slider _builder_version=&#8220;4.16&#8243; global_colors_info=&#8220;{}&#8220;][\/et_pb_post_slider][\/et_pb_column][\/et_pb_row][\/et_pb_section]<\/p>\n","protected":false},"excerpt":{"rendered":"<p>Selbstf\u00fchrung: Die Kraft in uns nutzen Du willst dir diesen Blogbeitrag lieber anh\u00f6ren? Klicke hier, um die Audioversion zu erreichen! &nbsp;Selbstf\u00fchrung: Die Kraft in uns nutzen In der heutigen schnelllebigen und unvorhersehbaren Welt haben wir oft keine Kontrolle \u00fcber \u00e4u\u00dfere Umst\u00e4nde oder dar\u00fcber, wie andere uns behandeln. Wir verf\u00fcgen jedoch \u00fcber ein m\u00e4chtiges Werkzeug: die [&hellip;]<\/p>\n","protected":false},"author":29,"featured_media":5855,"comment_status":"open","ping_status":"open","sticky":false,"template":"","format":"standard","meta":{"_et_pb_use_builder":"on","_et_pb_old_content":"","_et_gb_content_width":"","om_disable_all_campaigns":false,"footnotes":""},"categories":[43,5,453],"tags":[59,561,153,489,11,562,559,560],"class_list":["post-5852","post","type-post","status-publish","format-standard","has-post-thumbnail","hentry","category-expertenentwicklung","category-leadership-tipps","category-wissen-fuer-zwischendurch","tag-agile-fuehrung","tag-das-innere-team","tag-fuehrung","tag-fuehrung-im-zeitalter-von-kuenstlicher-intelligenz","tag-fuehrungskraefteentwicklung","tag-reflektion","tag-selbstfuehrung","tag-self-leadership","byline-meike-hinnenberg"],"yoast_head":"<!-- This site is optimized with the Yoast SEO plugin v27.0 - https:\/\/yoast.com\/product\/yoast-seo-wordpress\/ -->\n<title>Selbstf\u00fchrung: Die Kraft in uns nutzen<\/title>\n<meta name=\"description\" content=\"Selbstf\u00fchrung: Die Kraft in uns nutzen. Lese diesen inspirierenden Blogbeitrag von Meike um mehr zu erfahren!\" \/>\n<meta name=\"robots\" content=\"index, follow, max-snippet:-1, max-image-preview:large, max-video-preview:-1\" \/>\n<link rel=\"canonical\" href=\"https:\/\/blog.mdi-training.com\/de\/2024\/12\/17\/selbstfuehrung-die-kraft-in-uns-nutzen\/\" \/>\n<meta property=\"og:locale\" content=\"de_DE\" \/>\n<meta property=\"og:type\" content=\"article\" \/>\n<meta property=\"og:title\" content=\"Selbstf\u00fchrung: Die Kraft in uns nutzen\" \/>\n<meta property=\"og:description\" content=\"Selbstf\u00fchrung: Die Kraft in uns nutzen. Lese diesen inspirierenden Blogbeitrag von Meike um mehr zu erfahren!\" \/>\n<meta property=\"og:url\" content=\"https:\/\/blog.mdi-training.com\/de\/2024\/12\/17\/selbstfuehrung-die-kraft-in-uns-nutzen\/\" \/>\n<meta property=\"og:site_name\" content=\"F\u00fchrungskr\u00e4fteentwicklung\" \/>\n<meta property=\"article:published_time\" content=\"2024-12-17T08:47:23+00:00\" \/>\n<meta property=\"og:image\" content=\"https:\/\/blog.mdi-training.com\/de\/wp-content\/uploads\/sites\/2\/2024\/12\/Self-Leadership-Harnessing-the-Power-Within.png\" \/>\n\t<meta property=\"og:image:width\" content=\"1000\" \/>\n\t<meta property=\"og:image:height\" content=\"600\" \/>\n\t<meta property=\"og:image:type\" content=\"image\/png\" \/>\n<meta name=\"author\" content=\"Aline\" \/>\n<meta name=\"twitter:label1\" content=\"Written by\" \/>\n\t<meta name=\"twitter:data1\" content=\"&lt;a href=&quot;https:\/\/blog.mdi-training.com\/de\/byline\/meike-hinnenberg\/&quot; rel=&quot;tag&quot;&gt;Meike Hinnenberg&lt;\/a&gt;\" \/>\n\t<meta name=\"twitter:label2\" content=\"Est. reading time\" \/>\n\t<meta name=\"twitter:data2\" content=\"5 Minuten\" \/>\n<script type=\"application\/ld+json\" class=\"yoast-schema-graph\">{\"@context\":\"https:\/\/schema.org\",\"@graph\":[{\"@type\":\"Article\",\"@id\":\"https:\/\/blog.mdi-training.com\/de\/2024\/12\/17\/selbstfuehrung-die-kraft-in-uns-nutzen\/#article\",\"isPartOf\":{\"@id\":\"https:\/\/blog.mdi-training.com\/de\/2024\/12\/17\/selbstfuehrung-die-kraft-in-uns-nutzen\/\"},\"author\":{\"name\":\"Aline\",\"@id\":\"https:\/\/blog.mdi-training.com\/de\/#\/schema\/person\/273717085c17e4008e8572b054ebf756\"},\"headline\":\"Selbstf\u00fchrung: Die Kraft in uns nutzen\",\"datePublished\":\"2024-12-17T08:47:23+00:00\",\"mainEntityOfPage\":{\"@id\":\"https:\/\/blog.mdi-training.com\/de\/2024\/12\/17\/selbstfuehrung-die-kraft-in-uns-nutzen\/\"},\"wordCount\":1426,\"commentCount\":0,\"image\":{\"@id\":\"https:\/\/blog.mdi-training.com\/de\/2024\/12\/17\/selbstfuehrung-die-kraft-in-uns-nutzen\/#primaryimage\"},\"thumbnailUrl\":\"https:\/\/blog.mdi-training.com\/de\/wp-content\/uploads\/sites\/2\/2024\/12\/Self-Leadership-Harnessing-the-Power-Within.png\",\"keywords\":[\"agile f\u00fchrung\",\"das innere team\",\"F\u00fchrung\",\"F\u00fchrung im Zeitalter von k\u00fcnstlicher Intelligenz\",\"F\u00fchrungskr\u00e4fteentwicklung\",\"reflektion\",\"selbstf\u00fchrung\",\"self leadership\"],\"articleSection\":[\"Expertenentwicklung\",\"Leadership Tipps\",\"Wissen f\u00fcr Zwischendurch\"],\"inLanguage\":\"de-DE\",\"potentialAction\":[{\"@type\":\"CommentAction\",\"name\":\"Comment\",\"target\":[\"https:\/\/blog.mdi-training.com\/de\/2024\/12\/17\/selbstfuehrung-die-kraft-in-uns-nutzen\/#respond\"]}]},{\"@type\":\"WebPage\",\"@id\":\"https:\/\/blog.mdi-training.com\/de\/2024\/12\/17\/selbstfuehrung-die-kraft-in-uns-nutzen\/\",\"url\":\"https:\/\/blog.mdi-training.com\/de\/2024\/12\/17\/selbstfuehrung-die-kraft-in-uns-nutzen\/\",\"name\":\"Selbstf\u00fchrung: Die Kraft in uns nutzen\",\"isPartOf\":{\"@id\":\"https:\/\/blog.mdi-training.com\/de\/#website\"},\"primaryImageOfPage\":{\"@id\":\"https:\/\/blog.mdi-training.com\/de\/2024\/12\/17\/selbstfuehrung-die-kraft-in-uns-nutzen\/#primaryimage\"},\"image\":{\"@id\":\"https:\/\/blog.mdi-training.com\/de\/2024\/12\/17\/selbstfuehrung-die-kraft-in-uns-nutzen\/#primaryimage\"},\"thumbnailUrl\":\"https:\/\/blog.mdi-training.com\/de\/wp-content\/uploads\/sites\/2\/2024\/12\/Self-Leadership-Harnessing-the-Power-Within.png\",\"datePublished\":\"2024-12-17T08:47:23+00:00\",\"author\":{\"@id\":\"https:\/\/blog.mdi-training.com\/de\/#\/schema\/person\/273717085c17e4008e8572b054ebf756\"},\"description\":\"Selbstf\u00fchrung: Die Kraft in uns nutzen. Lese diesen inspirierenden Blogbeitrag von Meike um mehr zu erfahren!\",\"breadcrumb\":{\"@id\":\"https:\/\/blog.mdi-training.com\/de\/2024\/12\/17\/selbstfuehrung-die-kraft-in-uns-nutzen\/#breadcrumb\"},\"inLanguage\":\"de-DE\",\"potentialAction\":[{\"@type\":\"ReadAction\",\"target\":[\"https:\/\/blog.mdi-training.com\/de\/2024\/12\/17\/selbstfuehrung-die-kraft-in-uns-nutzen\/\"]}]},{\"@type\":\"ImageObject\",\"inLanguage\":\"de-DE\",\"@id\":\"https:\/\/blog.mdi-training.com\/de\/2024\/12\/17\/selbstfuehrung-die-kraft-in-uns-nutzen\/#primaryimage\",\"url\":\"https:\/\/blog.mdi-training.com\/de\/wp-content\/uploads\/sites\/2\/2024\/12\/Self-Leadership-Harnessing-the-Power-Within.png\",\"contentUrl\":\"https:\/\/blog.mdi-training.com\/de\/wp-content\/uploads\/sites\/2\/2024\/12\/Self-Leadership-Harnessing-the-Power-Within.png\",\"width\":1000,\"height\":600,\"caption\":\"Selbstf\u00fchrung: Die Kraft in uns nutzen\"},{\"@type\":\"BreadcrumbList\",\"@id\":\"https:\/\/blog.mdi-training.com\/de\/2024\/12\/17\/selbstfuehrung-die-kraft-in-uns-nutzen\/#breadcrumb\",\"itemListElement\":[{\"@type\":\"ListItem\",\"position\":1,\"name\":\"Home\",\"item\":\"https:\/\/blog.mdi-training.com\/de\/\"},{\"@type\":\"ListItem\",\"position\":2,\"name\":\"Selbstf\u00fchrung: Die Kraft in uns nutzen\"}]},{\"@type\":\"WebSite\",\"@id\":\"https:\/\/blog.mdi-training.com\/de\/#website\",\"url\":\"https:\/\/blog.mdi-training.com\/de\/\",\"name\":\"F\u00fchrungskr\u00e4fteentwicklung\",\"description\":\"Blog \u00fcber F\u00fchrungskr\u00e4fteentwicklung, die wirkungsvoll, direkt on-the-job und somit nachhaltig zu Unternehmenserfolgen betr\u00e4gt. Geschrieben f\u00fcr HR ManagerInnen, PersonalentwicklerInnen und F\u00fchrungskr\u00e4fte selbst.\",\"potentialAction\":[{\"@type\":\"SearchAction\",\"target\":{\"@type\":\"EntryPoint\",\"urlTemplate\":\"https:\/\/blog.mdi-training.com\/de\/?s={search_term_string}\"},\"query-input\":{\"@type\":\"PropertyValueSpecification\",\"valueRequired\":true,\"valueName\":\"search_term_string\"}}],\"inLanguage\":\"de-DE\"},{\"@type\":\"Person\",\"@id\":\"https:\/\/blog.mdi-training.com\/de\/#\/schema\/person\/273717085c17e4008e8572b054ebf756\",\"name\":\"Aline\",\"image\":{\"@type\":\"ImageObject\",\"inLanguage\":\"de-DE\",\"@id\":\"https:\/\/blog.mdi-training.com\/de\/#\/schema\/person\/image\/\",\"url\":\"https:\/\/secure.gravatar.com\/avatar\/036bd15d7246b70f8b17be513c9ebd263ea59748f6e30871ac8494e8a9c8e6bd?s=96&d=mm&r=g\",\"contentUrl\":\"https:\/\/secure.gravatar.com\/avatar\/036bd15d7246b70f8b17be513c9ebd263ea59748f6e30871ac8494e8a9c8e6bd?s=96&d=mm&r=g\",\"caption\":\"Aline\"},\"url\":\"https:\/\/blog.mdi-training.com\/de\/author\/aline\/\"}]}<\/script>\n<!-- \/ Yoast SEO plugin. -->","yoast_head_json":{"title":"Selbstf\u00fchrung: Die Kraft in uns nutzen","description":"Selbstf\u00fchrung: Die Kraft in uns nutzen. Lese diesen inspirierenden Blogbeitrag von Meike um mehr zu erfahren!","robots":{"index":"index","follow":"follow","max-snippet":"max-snippet:-1","max-image-preview":"max-image-preview:large","max-video-preview":"max-video-preview:-1"},"canonical":"https:\/\/blog.mdi-training.com\/de\/2024\/12\/17\/selbstfuehrung-die-kraft-in-uns-nutzen\/","og_locale":"de_DE","og_type":"article","og_title":"Selbstf\u00fchrung: Die Kraft in uns nutzen","og_description":"Selbstf\u00fchrung: Die Kraft in uns nutzen. Lese diesen inspirierenden Blogbeitrag von Meike um mehr zu erfahren!","og_url":"https:\/\/blog.mdi-training.com\/de\/2024\/12\/17\/selbstfuehrung-die-kraft-in-uns-nutzen\/","og_site_name":"F\u00fchrungskr\u00e4fteentwicklung","article_published_time":"2024-12-17T08:47:23+00:00","og_image":[{"width":1000,"height":600,"url":"https:\/\/blog.mdi-training.com\/de\/wp-content\/uploads\/sites\/2\/2024\/12\/Self-Leadership-Harnessing-the-Power-Within.png","type":"image\/png"}],"author":"Aline","twitter_misc":{"Written by":"<a href=\"https:\/\/blog.mdi-training.com\/de\/byline\/meike-hinnenberg\/\" rel=\"tag\">Meike Hinnenberg<\/a>","Est. reading time":"5 Minuten"},"schema":{"@context":"https:\/\/schema.org","@graph":[{"@type":"Article","@id":"https:\/\/blog.mdi-training.com\/de\/2024\/12\/17\/selbstfuehrung-die-kraft-in-uns-nutzen\/#article","isPartOf":{"@id":"https:\/\/blog.mdi-training.com\/de\/2024\/12\/17\/selbstfuehrung-die-kraft-in-uns-nutzen\/"},"author":{"name":"Aline","@id":"https:\/\/blog.mdi-training.com\/de\/#\/schema\/person\/273717085c17e4008e8572b054ebf756"},"headline":"Selbstf\u00fchrung: Die Kraft in uns nutzen","datePublished":"2024-12-17T08:47:23+00:00","mainEntityOfPage":{"@id":"https:\/\/blog.mdi-training.com\/de\/2024\/12\/17\/selbstfuehrung-die-kraft-in-uns-nutzen\/"},"wordCount":1426,"commentCount":0,"image":{"@id":"https:\/\/blog.mdi-training.com\/de\/2024\/12\/17\/selbstfuehrung-die-kraft-in-uns-nutzen\/#primaryimage"},"thumbnailUrl":"https:\/\/blog.mdi-training.com\/de\/wp-content\/uploads\/sites\/2\/2024\/12\/Self-Leadership-Harnessing-the-Power-Within.png","keywords":["agile f\u00fchrung","das innere team","F\u00fchrung","F\u00fchrung im Zeitalter von k\u00fcnstlicher Intelligenz","F\u00fchrungskr\u00e4fteentwicklung","reflektion","selbstf\u00fchrung","self leadership"],"articleSection":["Expertenentwicklung","Leadership Tipps","Wissen f\u00fcr Zwischendurch"],"inLanguage":"de-DE","potentialAction":[{"@type":"CommentAction","name":"Comment","target":["https:\/\/blog.mdi-training.com\/de\/2024\/12\/17\/selbstfuehrung-die-kraft-in-uns-nutzen\/#respond"]}]},{"@type":"WebPage","@id":"https:\/\/blog.mdi-training.com\/de\/2024\/12\/17\/selbstfuehrung-die-kraft-in-uns-nutzen\/","url":"https:\/\/blog.mdi-training.com\/de\/2024\/12\/17\/selbstfuehrung-die-kraft-in-uns-nutzen\/","name":"Selbstf\u00fchrung: Die Kraft in uns nutzen","isPartOf":{"@id":"https:\/\/blog.mdi-training.com\/de\/#website"},"primaryImageOfPage":{"@id":"https:\/\/blog.mdi-training.com\/de\/2024\/12\/17\/selbstfuehrung-die-kraft-in-uns-nutzen\/#primaryimage"},"image":{"@id":"https:\/\/blog.mdi-training.com\/de\/2024\/12\/17\/selbstfuehrung-die-kraft-in-uns-nutzen\/#primaryimage"},"thumbnailUrl":"https:\/\/blog.mdi-training.com\/de\/wp-content\/uploads\/sites\/2\/2024\/12\/Self-Leadership-Harnessing-the-Power-Within.png","datePublished":"2024-12-17T08:47:23+00:00","author":{"@id":"https:\/\/blog.mdi-training.com\/de\/#\/schema\/person\/273717085c17e4008e8572b054ebf756"},"description":"Selbstf\u00fchrung: Die Kraft in uns nutzen. Lese diesen inspirierenden Blogbeitrag von Meike um mehr zu erfahren!","breadcrumb":{"@id":"https:\/\/blog.mdi-training.com\/de\/2024\/12\/17\/selbstfuehrung-die-kraft-in-uns-nutzen\/#breadcrumb"},"inLanguage":"de-DE","potentialAction":[{"@type":"ReadAction","target":["https:\/\/blog.mdi-training.com\/de\/2024\/12\/17\/selbstfuehrung-die-kraft-in-uns-nutzen\/"]}]},{"@type":"ImageObject","inLanguage":"de-DE","@id":"https:\/\/blog.mdi-training.com\/de\/2024\/12\/17\/selbstfuehrung-die-kraft-in-uns-nutzen\/#primaryimage","url":"https:\/\/blog.mdi-training.com\/de\/wp-content\/uploads\/sites\/2\/2024\/12\/Self-Leadership-Harnessing-the-Power-Within.png","contentUrl":"https:\/\/blog.mdi-training.com\/de\/wp-content\/uploads\/sites\/2\/2024\/12\/Self-Leadership-Harnessing-the-Power-Within.png","width":1000,"height":600,"caption":"Selbstf\u00fchrung: Die Kraft in uns nutzen"},{"@type":"BreadcrumbList","@id":"https:\/\/blog.mdi-training.com\/de\/2024\/12\/17\/selbstfuehrung-die-kraft-in-uns-nutzen\/#breadcrumb","itemListElement":[{"@type":"ListItem","position":1,"name":"Home","item":"https:\/\/blog.mdi-training.com\/de\/"},{"@type":"ListItem","position":2,"name":"Selbstf\u00fchrung: Die Kraft in uns nutzen"}]},{"@type":"WebSite","@id":"https:\/\/blog.mdi-training.com\/de\/#website","url":"https:\/\/blog.mdi-training.com\/de\/","name":"F\u00fchrungskr\u00e4fteentwicklung","description":"Blog \u00fcber F\u00fchrungskr\u00e4fteentwicklung, die wirkungsvoll, direkt on-the-job und somit nachhaltig zu Unternehmenserfolgen betr\u00e4gt. Geschrieben f\u00fcr HR ManagerInnen, PersonalentwicklerInnen und F\u00fchrungskr\u00e4fte selbst.","potentialAction":[{"@type":"SearchAction","target":{"@type":"EntryPoint","urlTemplate":"https:\/\/blog.mdi-training.com\/de\/?s={search_term_string}"},"query-input":{"@type":"PropertyValueSpecification","valueRequired":true,"valueName":"search_term_string"}}],"inLanguage":"de-DE"},{"@type":"Person","@id":"https:\/\/blog.mdi-training.com\/de\/#\/schema\/person\/273717085c17e4008e8572b054ebf756","name":"Aline","image":{"@type":"ImageObject","inLanguage":"de-DE","@id":"https:\/\/blog.mdi-training.com\/de\/#\/schema\/person\/image\/","url":"https:\/\/secure.gravatar.com\/avatar\/036bd15d7246b70f8b17be513c9ebd263ea59748f6e30871ac8494e8a9c8e6bd?s=96&d=mm&r=g","contentUrl":"https:\/\/secure.gravatar.com\/avatar\/036bd15d7246b70f8b17be513c9ebd263ea59748f6e30871ac8494e8a9c8e6bd?s=96&d=mm&r=g","caption":"Aline"},"url":"https:\/\/blog.mdi-training.com\/de\/author\/aline\/"}]}},"_links":{"self":[{"href":"https:\/\/blog.mdi-training.com\/de\/wp-json\/wp\/v2\/posts\/5852","targetHints":{"allow":["GET"]}}],"collection":[{"href":"https:\/\/blog.mdi-training.com\/de\/wp-json\/wp\/v2\/posts"}],"about":[{"href":"https:\/\/blog.mdi-training.com\/de\/wp-json\/wp\/v2\/types\/post"}],"author":[{"embeddable":true,"href":"https:\/\/blog.mdi-training.com\/de\/wp-json\/wp\/v2\/users\/29"}],"replies":[{"embeddable":true,"href":"https:\/\/blog.mdi-training.com\/de\/wp-json\/wp\/v2\/comments?post=5852"}],"version-history":[{"count":4,"href":"https:\/\/blog.mdi-training.com\/de\/wp-json\/wp\/v2\/posts\/5852\/revisions"}],"predecessor-version":[{"id":5860,"href":"https:\/\/blog.mdi-training.com\/de\/wp-json\/wp\/v2\/posts\/5852\/revisions\/5860"}],"wp:featuredmedia":[{"embeddable":true,"href":"https:\/\/blog.mdi-training.com\/de\/wp-json\/wp\/v2\/media\/5855"}],"wp:attachment":[{"href":"https:\/\/blog.mdi-training.com\/de\/wp-json\/wp\/v2\/media?parent=5852"}],"wp:term":[{"taxonomy":"category","embeddable":true,"href":"https:\/\/blog.mdi-training.com\/de\/wp-json\/wp\/v2\/categories?post=5852"},{"taxonomy":"post_tag","embeddable":true,"href":"https:\/\/blog.mdi-training.com\/de\/wp-json\/wp\/v2\/tags?post=5852"}],"curies":[{"name":"wp","href":"https:\/\/api.w.org\/{rel}","templated":true}]}}