{"id":4833,"date":"2023-03-06T17:26:38","date_gmt":"2023-03-06T15:26:38","guid":{"rendered":"https:\/\/blog.mdi-training.com\/de\/?p=4833"},"modified":"2023-03-07T17:03:44","modified_gmt":"2023-03-07T15:03:44","slug":"5-massnahmen-fuer-eine-integrativere-unternehmenskultur","status":"publish","type":"post","link":"https:\/\/blog.mdi-training.com\/de\/2023\/03\/06\/5-massnahmen-fuer-eine-integrativere-unternehmenskultur\/","title":{"rendered":"5 Ma\u00dfnahmen f\u00fcr eine integrativere Unternehmenskultur"},"content":{"rendered":"<p>[et_pb_section fb_built=&#8220;1&#8243; _builder_version=&#8220;4.19.4&#8243; link_option_url=&#8220;www.desireejonekconsulting.com&#8220; link_option_url_new_window=&#8220;on&#8220; global_colors_info=&#8220;{}&#8220;][et_pb_row _builder_version=&#8220;4.16&#8243; custom_margin=&#8220;-11px|auto||auto||&#8220; global_colors_info=&#8220;{}&#8220; custom_padding=&#8220;|5px||||&#8220;][et_pb_column type=&#8220;4_4&#8243; _builder_version=&#8220;4.16&#8243; global_colors_info=&#8220;{}&#8220;][et_pb_text _builder_version=&#8220;4.19.4&#8243; global_colors_info=&#8220;{}&#8220;]<\/p>\n<h2>5 Ma\u00dfnahmen f\u00fcr eine integrativere Unternehmenskultur<\/h2>\n<p style=\"font-weight: 400\"><span>In diesem Interview befragen wir Desiree Jonek, Mitgr\u00fcnderin von <em>WoMentor<\/em> und die Autorin des brandneuen White-Papers &#8222;<\/span><em>5 wirksame Ma\u00dfnahmen, um den Wandel zu einer integrativen und leistungsf\u00e4higen Unternehmenskultur zu bew\u00e4ltigen&#8220;<\/em><span>\u00a03 gro\u00dfe Fragen \u00fcber <span style=\"color: #951d7d\"><strong>Diversity, Equity, und Inclusion<\/strong><\/span>.<\/span><\/p>\n<h3><strong>Bitte erz\u00e4hl uns, was Vielfalt, Gleichberechtigung und Integration f\u00fcr dich bedeuten und warum du dich dazu entschieden hast, dieses Whitepaper zu ver\u00f6ffentlichen.<\/strong><\/h3>\n<p style=\"font-weight: 400\">Vielfalt bedeutet, alle zur Party einzuladen, w\u00e4hrend Inklusion bedeutet, alle zum Tanzen aufzufordern. Vielfalt ist eine Tatsache in unserer Gesellschaft &#8211; aber <span style=\"color: #951d7d\"><strong>es liegt an uns<\/strong><\/span> als Einzelpersonen, F\u00fchrungskr\u00e4fte und Arbeitgeber:innen, Inklusion zu <span style=\"color: #951d7d\"><strong>verwirklichen<\/strong><\/span>.<\/p>\n<p style=\"font-weight: 400\">Leider sehen wir in unserer Gesellschaft immer noch viel <span style=\"color: #951d7d\"><strong>strukturelle Ungleichheit und Diskriminierung.<\/strong><\/span>\u00a0Dazu geh\u00f6ren mangelnde Repr\u00e4sentation von Frauen und Minderheiten in F\u00fchrungs- und Fachpositionen, sowie ein vorherrschendes, geschlechtsspezifisches Lohngef\u00e4lle von derzeit 36% in \u00d6sterreich. Stereotype Rollenbilder f\u00fcr alle Geschlechter, unzureichende Kinderbetreuungsinfrastruktur, und zu wenig Akzeptanz f\u00fcr V\u00e4ter, die in Elternzeit zu gehen &#8211; sind ebenfalls einige der aktuellen Herausforderungen.<\/p>\n<p style=\"font-weight: 400\">Meine Kolleg:innen und ich werden nicht m\u00fcde, auf diese <span style=\"color: #951d7d\"><strong>gesellschaftlichen Probleme aufmerksam<\/strong><\/span> zu machen. Ich halte es jedoch f\u00fcr entschieden, dass wir unseren Handlungsspielraum und die Auswirkungen verstehen, die wir haben k\u00f6nnen, wenn wir gegen Ungleichheit vorgehen.<\/p>\n<p style=\"font-weight: 400\">Ich bekomme zunehmend Anfragen von Unternehmensleiter:innen, die wissen wollen, was sie tun k\u00f6nnen, um die <span style=\"color: #951d7d\"><strong>Vielfalt in ihrem Unternehmen zu verbessern<\/strong><\/span>. Und das stimmt mich optimistisch \u2013 denn wo der Wille ist, ist auch ein Weg.<\/p>\n<p style=\"font-weight: 400\">Aus diesem Grund habe ich mich entschlossen, mein neuestes White Paper zu ver\u00f6ffentlichen &#8211; um Handlungsspielraum zu schaffen. Ich gebe konkrete Empfehlungen daf\u00fcr, welche 5 Ma\u00dfnahmen sich als <span style=\"color: #951d7d\"><strong>wirksam<\/strong><\/span> erwiesen haben, um eine <span style=\"color: #951d7d\"><strong>gesunde, leistungsf\u00e4hige und integrative Unternehmenskultur<\/strong><\/span> zu schaffen.<\/p>\n<p style=\"font-weight: 400\">Auch wenn mein Papier am Internationalen Frauentag ver\u00f6ffentlicht wird, geht es hier nicht nur um das Geschlecht. Die Einbeziehung aller Geschlechter in deinem Unternehmen ist nur <span style=\"color: #951d7d\"><strong>eine von sechs Diversit\u00e4tsdimensionen.<\/strong><\/span> Ziel ist es, eine wirklich <span style=\"color: #951d7d\"><strong>integrative (Unternehmens-)Kultur<\/strong><\/span> zu schaffen, in der Menschen unterschiedlichen Alters, Geschlechts, ethnischer Zugeh\u00f6rigkeit, Rasse, sexueller Orientierung und auch Menschen mit Behinderungen gleicherma\u00dfen vertreten sind. Meine Aufgabe ist es, Unternehmensleiter:innen zu bef\u00e4higen, diese <span style=\"color: #951d7d\"><strong>Vision zu verwirklichen<\/strong><\/span>.<\/p>\n<p>[\/et_pb_text][et_pb_image src=&#8220;https:\/\/blog.mdi-training.com\/de\/wp-content\/uploads\/sites\/2\/2023\/03\/White-Paper_LinkedIn-share-image_5-measures.png&#8220; alt=&#8220;5 Ma\u00dfnahmen f\u00fcr eine integrativere Unternehmenskultur&#8220; title_text=&#8220;5 Ma\u00dfnahmen f\u00fcr eine integrativere Unternehmenskultur&#8220; _builder_version=&#8220;4.19.4&#8243; _module_preset=&#8220;default&#8220; global_colors_info=&#8220;{}&#8220;][\/et_pb_image][et_pb_text _builder_version=&#8220;4.19.4&#8243; global_colors_info=&#8220;{}&#8220;]<\/p>\n<h3><strong>Was sind deiner Meinung nach die gr\u00f6\u00dften Herausforderungen bei der Schaffung eines vielf\u00e4ltigen Umfelds im Bereich Learning &amp; Development? Und unterscheiden sich diese von den Herausforderungen, mit denen die F\u00fchrungskr\u00e4fte selbst konfrontiert sind?<\/strong><\/h3>\n<p style=\"font-weight: 400\">Die Interviews, die wir vor allem mit Gesch\u00e4ftsf\u00fchrenden gef\u00fchrt haben, machten deutlich, dass die Schaffung einer integrativen Unternehmenskultur nur <span style=\"color: #951d7d\"><strong>eine von vielen strategischen Priorit\u00e4ten<\/strong><\/span> ist, mit denen die F\u00fchrungskr\u00e4fte derzeit jonglieren. Au\u00dferdem wissen viele einfach nicht, wo sie anfangen sollen, um eine integrative Kultur zu schaffen.<\/p>\n<p style=\"font-weight: 400\">F\u00fcr den Bereich Learning &amp; Development gibt es meiner Meinung nach zwei wichtige Erkenntnisse: Erstens tragen Learning &amp; Development zu einer <span style=\"color: #951d7d\"><strong>ges\u00fcnderen und leistungsf\u00e4higeren Unternehmenskultur<\/strong><\/span> bei, weil du in deine Talente investierst, indem du sie um- und weiterbildest.<\/p>\n<p style=\"font-weight: 400\">Zweitens wird es sich sogar positiv auf die Eingliederung auswirken, wenn du deine Mitarbeiter:innen und F\u00fchrungskr\u00e4fte bef\u00e4higst, in ihrem <span style=\"color: #951d7d\"><strong>Denken und Handeln integrativer<\/strong><\/span> zu werden. Wir wissen seit langem, dass heterogene Teams homogenen Teams \u00fcberlegen sind &#8211; aber nur, wenn sie gut gef\u00fchrt werden.<\/p>\n<p style=\"font-weight: 400\">Und F\u00fchrungskr\u00e4fte k\u00f6nnen heterogene und vielf\u00e4ltige Teams nur dann gut f\u00fchren, wenn sie verstehen, dass es einen Unterschied macht, wer in ihrem Team ist, dass ein Mensch mit Behinderung oder mit Migrationshintergrund eine andere Lebenswirklichkeit und andere Bed\u00fcrfnisse hat als ein nichtbehinderter Einheimischer zum Beispiel.<\/p>\n<blockquote>\n<p style=\"font-weight: 400\">Dies erfordert\u00a0<span style=\"color: #666666\">F\u00e4higkeiten<\/span>, die auch F\u00fchrungskr\u00e4fte erlernen m\u00fcssen, um <span style=\"color: #951d7d\"><strong>selbstbewusste und integrative F\u00fchrungskr\u00e4fte<\/strong><\/span> zu werden.<\/p>\n<p style=\"font-weight: 400\">\n<\/blockquote>\n<p style=\"font-weight: 400\">\n<p>[\/et_pb_text][et_pb_image src=&#8220;https:\/\/blog.mdi-training.com\/de\/wp-content\/uploads\/sites\/2\/2022\/03\/shutterstock_754453969.png&#8220; alt=&#8220;5 Ma\u00dfnahmen f\u00fcr eine integrativere Unternehmenskultur&#8220; title_text=&#8220;5 Ma\u00dfnahmen f\u00fcr eine integrativere Unternehmenskultur&#8220; _builder_version=&#8220;4.19.4&#8243; _module_preset=&#8220;default&#8220; global_colors_info=&#8220;{}&#8220;][\/et_pb_image][et_pb_text _builder_version=&#8220;4.19.4&#8243; _module_preset=&#8220;default&#8220; global_colors_info=&#8220;{}&#8220;]<\/p>\n<p><span style=\"color: #14387f\"><span style=\"font-size: 23px\"><b>In deinem Whitepaper sprichst du \u00fcber 5 wirksame Ma\u00dfnahmen, um den Wandel zu einer integrativen und leistungsstarken Unternehmenskultur zu bew\u00e4ltigen. Kannst du uns mehr Details zu deinem Ansatz und einige praktische Umsetzungstipps geben?<\/b><\/span><\/span><span style=\"color: #14387f\"><span style=\"font-size: 23px\"><b>\u00a0<\/b><\/span><\/span><\/p>\n<p style=\"font-weight: 400\">Die Erkenntnisse in meinem White Paper stammen aus Interviews mit Personalleiter:innen und Gesch\u00e4ftsf\u00fchrer:innen aller Generationen &#8211; ich habe mit der Generation Z, der Generation X, der Generation Y und den Babyboomern gesprochen und mich dabei auf die neueste Literatur und Studien seri\u00f6ser Quellen gest\u00fctzt.<\/p>\n<p style=\"font-weight: 400\">Es ist mir wichtig, praktische Empfehlungen zu geben, an denen sich F\u00fchrungskr\u00e4fte bzw. Personalabteilungen <span style=\"color: #951d7d\"><strong>orientieren<\/strong><\/span> oder von denen sie sich <span style=\"color: #951d7d\"><strong>inspirieren lassen<\/strong><\/span> k\u00f6nnen.\u00a0Welches sind nun die f\u00fcnf Ma\u00dfnahmen, die einen Wandel hin zu einer <span style=\"color: #951d7d\"><strong>ges\u00fcnderen und integrativeren Unternehmenskultur<\/strong><\/span> erm\u00f6glichen?<\/p>\n<p style=\"font-weight: 400\"><strong><span style=\"color: #951d7d\">Erstens<\/span><\/strong>: Der Grad der Flexibilit\u00e4t macht einen gro\u00dfen Unterschied. Es wird empfohlen, die <span style=\"color: #951d7d\"><strong>Flexibilit\u00e4t zu erh\u00f6hen<\/strong><\/span>, wann und wie die Arbeit erledigt wird. Verschiedene Studien belegen die Effizienz, und es wirkt sich auch <span style=\"color: #951d7d\"><strong>positiv auf die Inklusivit\u00e4t der Kultur<\/strong><\/span> aus &#8211; zum Beispiel, um Betreuungsarbeit f\u00fcr die Familie und berufliche Arbeit besser vereinbaren zu k\u00f6nnen.<\/p>\n<p style=\"font-weight: 400\"><span style=\"color: #951d7d\"><strong>Zweitens<\/strong><\/span> hat sich das Recruiting auf den Kopf gestellt: Da sich nicht mehr die Bewerber:innen, sondern die Unternehmen bewerben m\u00fcssen, um Talente zu bekommen und zu halten, muss die <span style=\"color: #951d7d\"><strong>Arbeitgeber:innenmarke stark<\/strong><\/span> sein und deinen USP repr\u00e4sentieren, warum jede:r gerne bei dir im Unternehmen arbeiten m\u00f6chte.<\/p>\n<p style=\"font-weight: 400\"><span style=\"color: #951d7d\"><strong>Drittens<\/strong><\/span> ist in Zeiten des <span style=\"color: #951d7d\"><strong>Talente-Mangels<\/strong><\/span> und der j\u00fcngeren Generation, die eine vielf\u00e4ltige F\u00fchrung als Hygienefaktor ansieht, eine integrative Unternehmenskultur, die von Ma\u00dfnahmen f\u00fcr <span style=\"color: #951d7d\"><strong>Vielfalt, Gleichberechtigung, Integration<\/strong><\/span> und Zugeh\u00f6rigkeit angetrieben und unterst\u00fctzt wird, unerl\u00e4sslich.<\/p>\n<p style=\"font-weight: 400\">In diesem Kapitel findest du viele gute DEIB-Praktiken, von denen du dich inspirieren lassen kannst.<\/p>\n<p style=\"font-weight: 400\"><span style=\"color: #951d7d\"><strong>Viertens<\/strong><\/span>: Learning &amp; Development erm\u00f6glichen es dir, deine <span style=\"color: #951d7d\"><strong>Talente zu qualifizieren<\/strong><\/span> und auf die sich schnell \u00e4ndernden technologischen Anforderungen vorzubereiten, aber auch motiviert und zufrieden zu sein, was sich positiv auf die <span style=\"color: #951d7d\"><strong>Mitarbeiter:innenbindung<\/strong><\/span> auswirken kann.<\/p>\n<p style=\"font-weight: 400\">Und schlie\u00dflich sind <span style=\"color: #951d7d\"><strong>Offenheit und Akzeptanz, Konfliktf\u00e4higkeit und die F\u00e4higkeit, aus Misserfolgen und Fehlern zu lernen<\/strong><\/span>, nicht zu untersch\u00e4tzende Zukunftskompetenzen, um auf diese Ver\u00e4nderungen zu reagieren. Wenn du einsch\u00e4tzen m\u00f6chtest, wo dein Unternehmen steht, gibt es eine Checkliste zur Unternehmenskultur, mit der du einen ersten Eindruck vom Status quo deines Unternehmens gewinnen kannst.<\/p>\n<p>[\/et_pb_text][et_pb_divider _builder_version=&#8220;4.19.4&#8243; _module_preset=&#8220;default&#8220; global_colors_info=&#8220;{}&#8220;][\/et_pb_divider][et_pb_team_member name=&#8220;Desiree Jonek&#8220; position=&#8220;Trainer for Diversity, Equity &amp; Inclusion and the co-founder of WoMentor&#8220; image_url=&#8220;https:\/\/blog.mdi-training.com\/de\/wp-content\/uploads\/sites\/2\/2023\/03\/Image-01.03.23-at-17.59-1.jpeg&#8220; linkedin_url=&#8220;https:\/\/www.linkedin.com\/in\/djonek\/&#8220; _builder_version=&#8220;4.19.4&#8243; _module_preset=&#8220;default&#8220; link_option_url=&#8220;www.desireejonekconsulting.com&#8220; hover_enabled=&#8220;0&#8243; global_colors_info=&#8220;{}&#8220; sticky_enabled=&#8220;0&#8243;]<\/p>\n<p><span><\/span><\/p>\n<p><span>Desiree Jonek-Lustyk begleitet Organisationen strategisch bei der Gestaltung und effektiven Umsetzung einer inklusiven Organisationskultur. Seit 2019 f\u00fchrt sie das Mentoring Programm <\/span><strong><a href=\"http:\/\/www.womentor.at\/\">WoMentor<\/a><\/strong><span> und baute eine Community von \u00fcber 1.200 Mitgliedern auf.<\/span><\/p>\n<p><span>Als TEDx-Speakerin h\u00e4lt sie Keynotes, wie man faire Teilhabe erreicht und auf den Wandel in der Arbeitswelt reagiert. Als Vertreterin der Generation Y ist es ihre Leidenschaft, eine Br\u00fccke zwischen der Generation X und Z zu schlagen.<\/span><\/p>\n<p>[\/et_pb_team_member][et_pb_image src=&#8220;https:\/\/blog.mdi-training.com\/de\/wp-content\/uploads\/sites\/2\/2023\/03\/White-paper-share-image_sqaure_general.png&#8220; alt=&#8220;White Paper Release&#8220; title_text=&#8220;White Paper Release&#8220; url=&#8220;http:\/\/www.desireejonekconsulting.com&#8220; url_new_window=&#8220;on&#8220; _builder_version=&#8220;4.19.4&#8243; _module_preset=&#8220;default&#8220; global_colors_info=&#8220;{}&#8220;][\/et_pb_image][et_pb_divider _builder_version=&#8220;4.19.4&#8243; _module_preset=&#8220;default&#8220; global_colors_info=&#8220;{}&#8220;][\/et_pb_divider][et_pb_text _builder_version=&#8220;4.19.4&#8243; _module_preset=&#8220;default&#8220; global_colors_info=&#8220;{}&#8220;]<\/p>\n<h3 style=\"text-align: center\">Was bringt dich als n\u00e4chstes weiter?<\/h3>\n<p>[\/et_pb_text][et_pb_image src=&#8220;https:\/\/blog.mdi-training.com\/de\/wp-content\/uploads\/sites\/2\/2023\/01\/Your-conference-dedicated-to-leadership-success-today-tomorrow-and-beyond..png&#8220; alt=&#8220;Leadership Horizon 23.05.2023&#8243; title_text=&#8220;Leadership Horizon 23.05.2023&#8243; _builder_version=&#8220;4.19.4&#8243; _module_preset=&#8220;default&#8220; global_colors_info=&#8220;{}&#8220;][\/et_pb_image][\/et_pb_column][\/et_pb_row][\/et_pb_section]<\/p>\n","protected":false},"excerpt":{"rendered":"<p>5 Ma\u00dfnahmen f\u00fcr eine integrativere Unternehmenskultur In diesem Interview befragen wir Desiree Jonek, Mitgr\u00fcnderin von WoMentor und die Autorin des brandneuen White-Papers &#8222;5 wirksame Ma\u00dfnahmen, um den Wandel zu einer integrativen und leistungsf\u00e4higen Unternehmenskultur zu bew\u00e4ltigen&#8220;\u00a03 gro\u00dfe Fragen \u00fcber Diversity, Equity, und Inclusion. Bitte erz\u00e4hl uns, was Vielfalt, Gleichberechtigung und Integration f\u00fcr dich bedeuten und [&hellip;]<\/p>\n","protected":false},"author":29,"featured_media":4837,"comment_status":"open","ping_status":"open","sticky":false,"template":"","format":"standard","meta":{"_et_pb_use_builder":"on","_et_pb_old_content":"","_et_gb_content_width":"","om_disable_all_campaigns":false,"footnotes":""},"categories":[39,40,158,108,5],"tags":[209,432,433,67,74,434,431,436,435,426,400],"class_list":["post-4833","post","type-post","status-publish","format-standard","has-post-thumbnail","hentry","category-best-practice","category-impuls-serie","category-leadership-impact-nachhaltige-fuehrungskultur","category-leadership-impact-2","category-leadership-tipps","tag-agile-fuehrungskraefteentwicklung","tag-diversitaet","tag-diversity","tag-fuehrungskraefte","tag-fuehrungskraefteprogramme","tag-gleichberechtigung","tag-inklusivitaet","tag-integration","tag-learning-development","tag-nachhaltige-fuehrung","tag-unternehmenskultur","byline-desiree-jonek"],"yoast_head":"<!-- This site is optimized with the Yoast SEO plugin v27.0 - https:\/\/yoast.com\/product\/yoast-seo-wordpress\/ -->\n<title>5 Ma\u00dfnahmen f\u00fcr eine integrativere Unternehmenskultur<\/title>\n<meta name=\"description\" content=\"In diesem Interview verr\u00e4t uns Desiree Jonek 5 Ma\u00dfnahmen f\u00fcr eine integrativere Unternehmenskultur, die du einfach umsetzen kannst.\" \/>\n<meta name=\"robots\" content=\"index, follow, max-snippet:-1, max-image-preview:large, max-video-preview:-1\" \/>\n<link rel=\"canonical\" href=\"https:\/\/blog.mdi-training.com\/de\/2023\/03\/06\/5-massnahmen-fuer-eine-integrativere-unternehmenskultur\/\" \/>\n<meta property=\"og:locale\" content=\"de_DE\" \/>\n<meta property=\"og:type\" content=\"article\" \/>\n<meta property=\"og:title\" content=\"5 Ma\u00dfnahmen f\u00fcr eine integrativere Unternehmenskultur\" \/>\n<meta property=\"og:description\" content=\"In diesem Interview verr\u00e4t uns Desiree Jonek 5 Ma\u00dfnahmen f\u00fcr eine integrativere Unternehmenskultur, die du einfach umsetzen kannst.\" \/>\n<meta property=\"og:url\" content=\"https:\/\/blog.mdi-training.com\/de\/2023\/03\/06\/5-massnahmen-fuer-eine-integrativere-unternehmenskultur\/\" \/>\n<meta property=\"og:site_name\" content=\"F\u00fchrungskr\u00e4fteentwicklung\" \/>\n<meta property=\"article:published_time\" content=\"2023-03-06T15:26:38+00:00\" \/>\n<meta property=\"article:modified_time\" content=\"2023-03-07T15:03:44+00:00\" \/>\n<meta property=\"og:image\" content=\"https:\/\/blog.mdi-training.com\/de\/wp-content\/uploads\/sites\/2\/2023\/03\/Shutterstock_1168257583.jpg\" \/>\n\t<meta property=\"og:image:width\" content=\"1000\" \/>\n\t<meta property=\"og:image:height\" content=\"500\" \/>\n\t<meta property=\"og:image:type\" content=\"image\/jpeg\" \/>\n<meta name=\"author\" content=\"Aline\" \/>\n<meta name=\"twitter:label1\" content=\"Written by\" \/>\n\t<meta name=\"twitter:data1\" content=\"&lt;a href=&quot;https:\/\/blog.mdi-training.com\/de\/byline\/desiree-jonek\/&quot; rel=&quot;tag&quot;&gt;Desiree Jonek&lt;\/a&gt;\" \/>\n\t<meta name=\"twitter:label2\" content=\"Est. reading time\" \/>\n\t<meta name=\"twitter:data2\" content=\"7 Minuten\" \/>\n<script type=\"application\/ld+json\" class=\"yoast-schema-graph\">{\"@context\":\"https:\/\/schema.org\",\"@graph\":[{\"@type\":\"Article\",\"@id\":\"https:\/\/blog.mdi-training.com\/de\/2023\/03\/06\/5-massnahmen-fuer-eine-integrativere-unternehmenskultur\/#article\",\"isPartOf\":{\"@id\":\"https:\/\/blog.mdi-training.com\/de\/2023\/03\/06\/5-massnahmen-fuer-eine-integrativere-unternehmenskultur\/\"},\"author\":{\"name\":\"Aline\",\"@id\":\"https:\/\/blog.mdi-training.com\/de\/#\/schema\/person\/273717085c17e4008e8572b054ebf756\"},\"headline\":\"5 Ma\u00dfnahmen f\u00fcr eine integrativere Unternehmenskultur\",\"datePublished\":\"2023-03-06T15:26:38+00:00\",\"dateModified\":\"2023-03-07T15:03:44+00:00\",\"mainEntityOfPage\":{\"@id\":\"https:\/\/blog.mdi-training.com\/de\/2023\/03\/06\/5-massnahmen-fuer-eine-integrativere-unternehmenskultur\/\"},\"wordCount\":1468,\"commentCount\":0,\"image\":{\"@id\":\"https:\/\/blog.mdi-training.com\/de\/2023\/03\/06\/5-massnahmen-fuer-eine-integrativere-unternehmenskultur\/#primaryimage\"},\"thumbnailUrl\":\"https:\/\/blog.mdi-training.com\/de\/wp-content\/uploads\/sites\/2\/2023\/03\/Shutterstock_1168257583.jpg\",\"keywords\":[\"agile F\u00fchrungskr\u00e4fteentwicklung\",\"Diversit\u00e4t\",\"diversity\",\"f\u00fchrungskr\u00e4fte\",\"F\u00fchrungskr\u00e4fteprogramme\",\"Gleichberechtigung\",\"Inklusivit\u00e4t\",\"Integration\",\"Learning &amp; Development\",\"nachhaltige f\u00fchrung\",\"unternehmenskultur\"],\"articleSection\":[\"Best Practice\",\"Impuls-Serie\",\"Leadership Impact - nachhaltige F\u00fchrungskultur\",\"Leadership Impact - Nachhaltige F\u00fchrungskultur f\u00fcr eine bessere Welt\",\"Leadership Tipps\"],\"inLanguage\":\"de-DE\",\"potentialAction\":[{\"@type\":\"CommentAction\",\"name\":\"Comment\",\"target\":[\"https:\/\/blog.mdi-training.com\/de\/2023\/03\/06\/5-massnahmen-fuer-eine-integrativere-unternehmenskultur\/#respond\"]}]},{\"@type\":\"WebPage\",\"@id\":\"https:\/\/blog.mdi-training.com\/de\/2023\/03\/06\/5-massnahmen-fuer-eine-integrativere-unternehmenskultur\/\",\"url\":\"https:\/\/blog.mdi-training.com\/de\/2023\/03\/06\/5-massnahmen-fuer-eine-integrativere-unternehmenskultur\/\",\"name\":\"5 Ma\u00dfnahmen f\u00fcr eine integrativere Unternehmenskultur\",\"isPartOf\":{\"@id\":\"https:\/\/blog.mdi-training.com\/de\/#website\"},\"primaryImageOfPage\":{\"@id\":\"https:\/\/blog.mdi-training.com\/de\/2023\/03\/06\/5-massnahmen-fuer-eine-integrativere-unternehmenskultur\/#primaryimage\"},\"image\":{\"@id\":\"https:\/\/blog.mdi-training.com\/de\/2023\/03\/06\/5-massnahmen-fuer-eine-integrativere-unternehmenskultur\/#primaryimage\"},\"thumbnailUrl\":\"https:\/\/blog.mdi-training.com\/de\/wp-content\/uploads\/sites\/2\/2023\/03\/Shutterstock_1168257583.jpg\",\"datePublished\":\"2023-03-06T15:26:38+00:00\",\"dateModified\":\"2023-03-07T15:03:44+00:00\",\"author\":{\"@id\":\"https:\/\/blog.mdi-training.com\/de\/#\/schema\/person\/273717085c17e4008e8572b054ebf756\"},\"description\":\"In diesem Interview verr\u00e4t uns Desiree Jonek 5 Ma\u00dfnahmen f\u00fcr eine integrativere Unternehmenskultur, die du einfach umsetzen kannst.\",\"breadcrumb\":{\"@id\":\"https:\/\/blog.mdi-training.com\/de\/2023\/03\/06\/5-massnahmen-fuer-eine-integrativere-unternehmenskultur\/#breadcrumb\"},\"inLanguage\":\"de-DE\",\"potentialAction\":[{\"@type\":\"ReadAction\",\"target\":[\"https:\/\/blog.mdi-training.com\/de\/2023\/03\/06\/5-massnahmen-fuer-eine-integrativere-unternehmenskultur\/\"]}]},{\"@type\":\"ImageObject\",\"inLanguage\":\"de-DE\",\"@id\":\"https:\/\/blog.mdi-training.com\/de\/2023\/03\/06\/5-massnahmen-fuer-eine-integrativere-unternehmenskultur\/#primaryimage\",\"url\":\"https:\/\/blog.mdi-training.com\/de\/wp-content\/uploads\/sites\/2\/2023\/03\/Shutterstock_1168257583.jpg\",\"contentUrl\":\"https:\/\/blog.mdi-training.com\/de\/wp-content\/uploads\/sites\/2\/2023\/03\/Shutterstock_1168257583.jpg\",\"width\":1000,\"height\":500,\"caption\":\"5 Ma\u00dfnahmen f\u00fcr eine integrative Unternehmenskultur\"},{\"@type\":\"BreadcrumbList\",\"@id\":\"https:\/\/blog.mdi-training.com\/de\/2023\/03\/06\/5-massnahmen-fuer-eine-integrativere-unternehmenskultur\/#breadcrumb\",\"itemListElement\":[{\"@type\":\"ListItem\",\"position\":1,\"name\":\"Home\",\"item\":\"https:\/\/blog.mdi-training.com\/de\/\"},{\"@type\":\"ListItem\",\"position\":2,\"name\":\"5 Ma\u00dfnahmen f\u00fcr eine integrativere Unternehmenskultur\"}]},{\"@type\":\"WebSite\",\"@id\":\"https:\/\/blog.mdi-training.com\/de\/#website\",\"url\":\"https:\/\/blog.mdi-training.com\/de\/\",\"name\":\"F\u00fchrungskr\u00e4fteentwicklung\",\"description\":\"Blog \u00fcber F\u00fchrungskr\u00e4fteentwicklung, die wirkungsvoll, direkt on-the-job und somit nachhaltig zu Unternehmenserfolgen betr\u00e4gt. Geschrieben f\u00fcr HR ManagerInnen, PersonalentwicklerInnen und F\u00fchrungskr\u00e4fte selbst.\",\"potentialAction\":[{\"@type\":\"SearchAction\",\"target\":{\"@type\":\"EntryPoint\",\"urlTemplate\":\"https:\/\/blog.mdi-training.com\/de\/?s={search_term_string}\"},\"query-input\":{\"@type\":\"PropertyValueSpecification\",\"valueRequired\":true,\"valueName\":\"search_term_string\"}}],\"inLanguage\":\"de-DE\"},{\"@type\":\"Person\",\"@id\":\"https:\/\/blog.mdi-training.com\/de\/#\/schema\/person\/273717085c17e4008e8572b054ebf756\",\"name\":\"Aline\",\"image\":{\"@type\":\"ImageObject\",\"inLanguage\":\"de-DE\",\"@id\":\"https:\/\/blog.mdi-training.com\/de\/#\/schema\/person\/image\/\",\"url\":\"https:\/\/secure.gravatar.com\/avatar\/036bd15d7246b70f8b17be513c9ebd263ea59748f6e30871ac8494e8a9c8e6bd?s=96&d=mm&r=g\",\"contentUrl\":\"https:\/\/secure.gravatar.com\/avatar\/036bd15d7246b70f8b17be513c9ebd263ea59748f6e30871ac8494e8a9c8e6bd?s=96&d=mm&r=g\",\"caption\":\"Aline\"},\"url\":\"https:\/\/blog.mdi-training.com\/de\/author\/aline\/\"}]}<\/script>\n<!-- \/ Yoast SEO plugin. -->","yoast_head_json":{"title":"5 Ma\u00dfnahmen f\u00fcr eine integrativere Unternehmenskultur","description":"In diesem Interview verr\u00e4t uns Desiree Jonek 5 Ma\u00dfnahmen f\u00fcr eine integrativere Unternehmenskultur, die du einfach umsetzen kannst.","robots":{"index":"index","follow":"follow","max-snippet":"max-snippet:-1","max-image-preview":"max-image-preview:large","max-video-preview":"max-video-preview:-1"},"canonical":"https:\/\/blog.mdi-training.com\/de\/2023\/03\/06\/5-massnahmen-fuer-eine-integrativere-unternehmenskultur\/","og_locale":"de_DE","og_type":"article","og_title":"5 Ma\u00dfnahmen f\u00fcr eine integrativere Unternehmenskultur","og_description":"In diesem Interview verr\u00e4t uns Desiree Jonek 5 Ma\u00dfnahmen f\u00fcr eine integrativere Unternehmenskultur, die du einfach umsetzen kannst.","og_url":"https:\/\/blog.mdi-training.com\/de\/2023\/03\/06\/5-massnahmen-fuer-eine-integrativere-unternehmenskultur\/","og_site_name":"F\u00fchrungskr\u00e4fteentwicklung","article_published_time":"2023-03-06T15:26:38+00:00","article_modified_time":"2023-03-07T15:03:44+00:00","og_image":[{"width":1000,"height":500,"url":"https:\/\/blog.mdi-training.com\/de\/wp-content\/uploads\/sites\/2\/2023\/03\/Shutterstock_1168257583.jpg","type":"image\/jpeg"}],"author":"Aline","twitter_misc":{"Written by":"<a href=\"https:\/\/blog.mdi-training.com\/de\/byline\/desiree-jonek\/\" rel=\"tag\">Desiree Jonek<\/a>","Est. reading time":"7 Minuten"},"schema":{"@context":"https:\/\/schema.org","@graph":[{"@type":"Article","@id":"https:\/\/blog.mdi-training.com\/de\/2023\/03\/06\/5-massnahmen-fuer-eine-integrativere-unternehmenskultur\/#article","isPartOf":{"@id":"https:\/\/blog.mdi-training.com\/de\/2023\/03\/06\/5-massnahmen-fuer-eine-integrativere-unternehmenskultur\/"},"author":{"name":"Aline","@id":"https:\/\/blog.mdi-training.com\/de\/#\/schema\/person\/273717085c17e4008e8572b054ebf756"},"headline":"5 Ma\u00dfnahmen f\u00fcr eine integrativere Unternehmenskultur","datePublished":"2023-03-06T15:26:38+00:00","dateModified":"2023-03-07T15:03:44+00:00","mainEntityOfPage":{"@id":"https:\/\/blog.mdi-training.com\/de\/2023\/03\/06\/5-massnahmen-fuer-eine-integrativere-unternehmenskultur\/"},"wordCount":1468,"commentCount":0,"image":{"@id":"https:\/\/blog.mdi-training.com\/de\/2023\/03\/06\/5-massnahmen-fuer-eine-integrativere-unternehmenskultur\/#primaryimage"},"thumbnailUrl":"https:\/\/blog.mdi-training.com\/de\/wp-content\/uploads\/sites\/2\/2023\/03\/Shutterstock_1168257583.jpg","keywords":["agile F\u00fchrungskr\u00e4fteentwicklung","Diversit\u00e4t","diversity","f\u00fchrungskr\u00e4fte","F\u00fchrungskr\u00e4fteprogramme","Gleichberechtigung","Inklusivit\u00e4t","Integration","Learning &amp; Development","nachhaltige f\u00fchrung","unternehmenskultur"],"articleSection":["Best Practice","Impuls-Serie","Leadership Impact - nachhaltige F\u00fchrungskultur","Leadership Impact - Nachhaltige F\u00fchrungskultur f\u00fcr eine bessere Welt","Leadership Tipps"],"inLanguage":"de-DE","potentialAction":[{"@type":"CommentAction","name":"Comment","target":["https:\/\/blog.mdi-training.com\/de\/2023\/03\/06\/5-massnahmen-fuer-eine-integrativere-unternehmenskultur\/#respond"]}]},{"@type":"WebPage","@id":"https:\/\/blog.mdi-training.com\/de\/2023\/03\/06\/5-massnahmen-fuer-eine-integrativere-unternehmenskultur\/","url":"https:\/\/blog.mdi-training.com\/de\/2023\/03\/06\/5-massnahmen-fuer-eine-integrativere-unternehmenskultur\/","name":"5 Ma\u00dfnahmen f\u00fcr eine integrativere Unternehmenskultur","isPartOf":{"@id":"https:\/\/blog.mdi-training.com\/de\/#website"},"primaryImageOfPage":{"@id":"https:\/\/blog.mdi-training.com\/de\/2023\/03\/06\/5-massnahmen-fuer-eine-integrativere-unternehmenskultur\/#primaryimage"},"image":{"@id":"https:\/\/blog.mdi-training.com\/de\/2023\/03\/06\/5-massnahmen-fuer-eine-integrativere-unternehmenskultur\/#primaryimage"},"thumbnailUrl":"https:\/\/blog.mdi-training.com\/de\/wp-content\/uploads\/sites\/2\/2023\/03\/Shutterstock_1168257583.jpg","datePublished":"2023-03-06T15:26:38+00:00","dateModified":"2023-03-07T15:03:44+00:00","author":{"@id":"https:\/\/blog.mdi-training.com\/de\/#\/schema\/person\/273717085c17e4008e8572b054ebf756"},"description":"In diesem Interview verr\u00e4t uns Desiree Jonek 5 Ma\u00dfnahmen f\u00fcr eine integrativere Unternehmenskultur, die du einfach umsetzen kannst.","breadcrumb":{"@id":"https:\/\/blog.mdi-training.com\/de\/2023\/03\/06\/5-massnahmen-fuer-eine-integrativere-unternehmenskultur\/#breadcrumb"},"inLanguage":"de-DE","potentialAction":[{"@type":"ReadAction","target":["https:\/\/blog.mdi-training.com\/de\/2023\/03\/06\/5-massnahmen-fuer-eine-integrativere-unternehmenskultur\/"]}]},{"@type":"ImageObject","inLanguage":"de-DE","@id":"https:\/\/blog.mdi-training.com\/de\/2023\/03\/06\/5-massnahmen-fuer-eine-integrativere-unternehmenskultur\/#primaryimage","url":"https:\/\/blog.mdi-training.com\/de\/wp-content\/uploads\/sites\/2\/2023\/03\/Shutterstock_1168257583.jpg","contentUrl":"https:\/\/blog.mdi-training.com\/de\/wp-content\/uploads\/sites\/2\/2023\/03\/Shutterstock_1168257583.jpg","width":1000,"height":500,"caption":"5 Ma\u00dfnahmen f\u00fcr eine integrative Unternehmenskultur"},{"@type":"BreadcrumbList","@id":"https:\/\/blog.mdi-training.com\/de\/2023\/03\/06\/5-massnahmen-fuer-eine-integrativere-unternehmenskultur\/#breadcrumb","itemListElement":[{"@type":"ListItem","position":1,"name":"Home","item":"https:\/\/blog.mdi-training.com\/de\/"},{"@type":"ListItem","position":2,"name":"5 Ma\u00dfnahmen f\u00fcr eine integrativere Unternehmenskultur"}]},{"@type":"WebSite","@id":"https:\/\/blog.mdi-training.com\/de\/#website","url":"https:\/\/blog.mdi-training.com\/de\/","name":"F\u00fchrungskr\u00e4fteentwicklung","description":"Blog \u00fcber F\u00fchrungskr\u00e4fteentwicklung, die wirkungsvoll, direkt on-the-job und somit nachhaltig zu Unternehmenserfolgen betr\u00e4gt. Geschrieben f\u00fcr HR ManagerInnen, PersonalentwicklerInnen und F\u00fchrungskr\u00e4fte selbst.","potentialAction":[{"@type":"SearchAction","target":{"@type":"EntryPoint","urlTemplate":"https:\/\/blog.mdi-training.com\/de\/?s={search_term_string}"},"query-input":{"@type":"PropertyValueSpecification","valueRequired":true,"valueName":"search_term_string"}}],"inLanguage":"de-DE"},{"@type":"Person","@id":"https:\/\/blog.mdi-training.com\/de\/#\/schema\/person\/273717085c17e4008e8572b054ebf756","name":"Aline","image":{"@type":"ImageObject","inLanguage":"de-DE","@id":"https:\/\/blog.mdi-training.com\/de\/#\/schema\/person\/image\/","url":"https:\/\/secure.gravatar.com\/avatar\/036bd15d7246b70f8b17be513c9ebd263ea59748f6e30871ac8494e8a9c8e6bd?s=96&d=mm&r=g","contentUrl":"https:\/\/secure.gravatar.com\/avatar\/036bd15d7246b70f8b17be513c9ebd263ea59748f6e30871ac8494e8a9c8e6bd?s=96&d=mm&r=g","caption":"Aline"},"url":"https:\/\/blog.mdi-training.com\/de\/author\/aline\/"}]}},"_links":{"self":[{"href":"https:\/\/blog.mdi-training.com\/de\/wp-json\/wp\/v2\/posts\/4833","targetHints":{"allow":["GET"]}}],"collection":[{"href":"https:\/\/blog.mdi-training.com\/de\/wp-json\/wp\/v2\/posts"}],"about":[{"href":"https:\/\/blog.mdi-training.com\/de\/wp-json\/wp\/v2\/types\/post"}],"author":[{"embeddable":true,"href":"https:\/\/blog.mdi-training.com\/de\/wp-json\/wp\/v2\/users\/29"}],"replies":[{"embeddable":true,"href":"https:\/\/blog.mdi-training.com\/de\/wp-json\/wp\/v2\/comments?post=4833"}],"version-history":[{"count":13,"href":"https:\/\/blog.mdi-training.com\/de\/wp-json\/wp\/v2\/posts\/4833\/revisions"}],"predecessor-version":[{"id":4860,"href":"https:\/\/blog.mdi-training.com\/de\/wp-json\/wp\/v2\/posts\/4833\/revisions\/4860"}],"wp:featuredmedia":[{"embeddable":true,"href":"https:\/\/blog.mdi-training.com\/de\/wp-json\/wp\/v2\/media\/4837"}],"wp:attachment":[{"href":"https:\/\/blog.mdi-training.com\/de\/wp-json\/wp\/v2\/media?parent=4833"}],"wp:term":[{"taxonomy":"category","embeddable":true,"href":"https:\/\/blog.mdi-training.com\/de\/wp-json\/wp\/v2\/categories?post=4833"},{"taxonomy":"post_tag","embeddable":true,"href":"https:\/\/blog.mdi-training.com\/de\/wp-json\/wp\/v2\/tags?post=4833"}],"curies":[{"name":"wp","href":"https:\/\/api.w.org\/{rel}","templated":true}]}}