{"id":4298,"date":"2022-07-21T14:35:26","date_gmt":"2022-07-21T12:35:26","guid":{"rendered":"https:\/\/blog.mdi-training.com\/de\/?p=4298"},"modified":"2023-10-02T16:06:44","modified_gmt":"2023-10-02T14:06:44","slug":"gen-zukunft-wuensche-erwartungen-einer-jungen-arbeitsgeneration","status":"publish","type":"post","link":"https:\/\/blog.mdi-training.com\/de\/2022\/07\/21\/gen-zukunft-wuensche-erwartungen-einer-jungen-arbeitsgeneration\/","title":{"rendered":"Gen Z(ukunft) \u2013 W\u00fcnsche &amp; Erwartungen einer jungen Arbeitsgeneration"},"content":{"rendered":"<p>[et_pb_section fb_built=&#8220;1&#8243; custom_padding_last_edited=&#8220;on|desktop&#8220; disabled_on=&#8220;off|off|off&#8220; admin_label=&#8220;section&#8220; _builder_version=&#8220;4.2.1&#8243; custom_padding_tablet=&#8220;50px|0|50px|0&#8243; custom_padding_phone=&#8220;&#8220; transparent_background=&#8220;off&#8220; padding_mobile=&#8220;off&#8220; make_fullwidth=&#8220;off&#8220; use_custom_width=&#8220;off&#8220; width_unit=&#8220;off&#8220; custom_width_px=&#8220;1080px&#8220; custom_width_percent=&#8220;80%&#8220;][et_pb_row padding_mobile=&#8220;off&#8220; column_padding_mobile=&#8220;on&#8220; admin_label=&#8220;row&#8220; _builder_version=&#8220;3.25&#8243; background_size=&#8220;initial&#8220; background_position=&#8220;top_left&#8220; background_repeat=&#8220;repeat&#8220; make_fullwidth=&#8220;off&#8220; use_custom_width=&#8220;off&#8220; width_unit=&#8220;off&#8220; custom_width_px=&#8220;1080px&#8220; custom_width_percent=&#8220;80%&#8220;][et_pb_column type=&#8220;4_4&#8243; _builder_version=&#8220;3.0.47&#8243; custom_padding=&#8220;|||&#8220; custom_padding__hover=&#8220;|||&#8220;][et_pb_text admin_label=&#8220;Einleitung&#8220; _builder_version=&#8220;4.2.1&#8243; background_size=&#8220;initial&#8220; background_position=&#8220;top_left&#8220; background_repeat=&#8220;repeat&#8220; z_index_tablet=&#8220;500&#8243; text_text_shadow_horizontal_length_tablet=&#8220;0px&#8220; text_text_shadow_vertical_length_tablet=&#8220;0px&#8220; text_text_shadow_blur_strength_tablet=&#8220;1px&#8220; link_text_shadow_horizontal_length_tablet=&#8220;0px&#8220; link_text_shadow_vertical_length_tablet=&#8220;0px&#8220; link_text_shadow_blur_strength_tablet=&#8220;1px&#8220; ul_text_shadow_horizontal_length_tablet=&#8220;0px&#8220; ul_text_shadow_vertical_length_tablet=&#8220;0px&#8220; ul_text_shadow_blur_strength_tablet=&#8220;1px&#8220; ol_text_shadow_horizontal_length_tablet=&#8220;0px&#8220; ol_text_shadow_vertical_length_tablet=&#8220;0px&#8220; ol_text_shadow_blur_strength_tablet=&#8220;1px&#8220; quote_text_shadow_horizontal_length_tablet=&#8220;0px&#8220; quote_text_shadow_vertical_length_tablet=&#8220;0px&#8220; quote_text_shadow_blur_strength_tablet=&#8220;1px&#8220; header_text_shadow_horizontal_length_tablet=&#8220;0px&#8220; header_text_shadow_vertical_length_tablet=&#8220;0px&#8220; header_text_shadow_blur_strength_tablet=&#8220;1px&#8220; header_2_text_shadow_horizontal_length_tablet=&#8220;0px&#8220; header_2_text_shadow_vertical_length_tablet=&#8220;0px&#8220; header_2_text_shadow_blur_strength_tablet=&#8220;1px&#8220; header_3_text_shadow_horizontal_length_tablet=&#8220;0px&#8220; header_3_text_shadow_vertical_length_tablet=&#8220;0px&#8220; header_3_text_shadow_blur_strength_tablet=&#8220;1px&#8220; header_4_text_shadow_horizontal_length_tablet=&#8220;0px&#8220; header_4_text_shadow_vertical_length_tablet=&#8220;0px&#8220; header_4_text_shadow_blur_strength_tablet=&#8220;1px&#8220; header_5_text_shadow_horizontal_length_tablet=&#8220;0px&#8220; header_5_text_shadow_vertical_length_tablet=&#8220;0px&#8220; header_5_text_shadow_blur_strength_tablet=&#8220;1px&#8220; header_6_text_shadow_horizontal_length_tablet=&#8220;0px&#8220; header_6_text_shadow_vertical_length_tablet=&#8220;0px&#8220; header_6_text_shadow_blur_strength_tablet=&#8220;1px&#8220; box_shadow_horizontal_tablet=&#8220;0px&#8220; box_shadow_vertical_tablet=&#8220;0px&#8220; box_shadow_blur_tablet=&#8220;40px&#8220; box_shadow_spread_tablet=&#8220;0px&#8220; use_border_color=&#8220;off&#8220;]<\/p>\n<h2><b><span data-contrast=\"auto\">Gen Z(ukunft) \u2013 W\u00fcnsche und Erwartungen einer jungen Arbeitsgeneration<\/span><\/b><span data-ccp-props=\"{&quot;201341983&quot;:0,&quot;335551550&quot;:6,&quot;335551620&quot;:6,&quot;335559739&quot;:160,&quot;335559740&quot;:259}\">\u00a0<\/span><\/h2>\n<p><span data-contrast=\"auto\">Nach <\/span><strong><a href=\"https:\/\/www.pwc.com\/gx\/en\/services\/people-organisation\/publications\/workforce-of-the-future.html\">Angaben von PwC<\/a><\/strong><span data-contrast=\"auto\"> werden die Millennials bis zum Jahr 2030 50 % der Arbeitskr\u00e4fte ausmachen. Doch so schnell wie die Millennials in die Arbeitswelt eingezogen sind, kommt eine weitere, noch gr\u00f6\u00dfere Generation hinzu: <\/span><\/p>\n<h3><span data-contrast=\"auto\">Die Generation Z<\/span><\/h3>\n<p><span data-contrast=\"auto\">ist in der Lage, ein St\u00f6rfaktor am Arbeitsplatz zu sein. Sie sind technologisch fortschrittlicher und, obwohl Millennials und Generation Z altersm\u00e4\u00dfig nahe beieinander liegen, unterscheiden sich ihre Glaubenssysteme stark.\u00a0<\/span><span data-ccp-props=\"{&quot;201341983&quot;:0,&quot;335551550&quot;:6,&quot;335551620&quot;:6,&quot;335559739&quot;:160,&quot;335559740&quot;:259}\">\u00a0<\/span><\/p>\n<p><span data-contrast=\"auto\">Die Art und Weise, wie Mitarbeiter:innen, F\u00fchrungskr\u00e4fte und Personalverantwortliche mit dieser neuen Gruppe von Fachkr\u00e4ften umgehen, wird dar\u00fcber entscheiden, ob sie eine agile Unternehmenskultur schaffen, von der sowohl die Mitarbeiter:innen als auch Unternehmen profitieren &#8211; oder ob sie das Ziel v\u00f6llig verfehlen.<\/span><span data-ccp-props=\"{&quot;201341983&quot;:0,&quot;335551550&quot;:6,&quot;335551620&quot;:6,&quot;335559739&quot;:160,&quot;335559740&quot;:259}\">\u00a0<\/span><\/p>\n<h3><span data-contrast=\"auto\">Wie m\u00fcssen sich F\u00fchrungskr\u00e4fte und Unternehmen anpassen? <\/span><\/h3>\n<p><span data-contrast=\"auto\">Das versuchen wir im Interview mit dem j\u00fcngsten MDI Teammitglied Jana herauszufinden. Im Jahr 2003 geboren ist sie durch und durch Teil der Generation Z.\u00a0<\/span><\/p>\n<p>[\/et_pb_text][\/et_pb_column][\/et_pb_row][\/et_pb_section][et_pb_section fb_built=&#8220;1&#8243; disabled_on=&#8220;off|off|off&#8220; _builder_version=&#8220;4.2.1&#8243; background_color=&#8220;#14387f&#8220; z_index_tablet=&#8220;500&#8243; box_shadow_horizontal_tablet=&#8220;0px&#8220; box_shadow_vertical_tablet=&#8220;0px&#8220; box_shadow_blur_tablet=&#8220;40px&#8220; box_shadow_spread_tablet=&#8220;0px&#8220;][et_pb_row column_structure=&#8220;3_5,2_5&#8243; _builder_version=&#8220;4.2.1&#8243; background_color=&#8220;#14387f&#8220; link_option_url_new_window=&#8220;on&#8220; hover_enabled=&#8220;0&#8243; z_index_tablet=&#8220;500&#8243; box_shadow_horizontal_tablet=&#8220;0px&#8220; box_shadow_vertical_tablet=&#8220;0px&#8220; box_shadow_blur_tablet=&#8220;40px&#8220; box_shadow_spread_tablet=&#8220;0px&#8220;][et_pb_column type=&#8220;3_5&#8243; _builder_version=&#8220;3.0.47&#8243; custom_padding=&#8220;|||&#8220; custom_padding__hover=&#8220;|||&#8220;][et_pb_image src=&#8220;https:\/\/blog.mdi-training.com\/de\/wp-content\/uploads\/sites\/2\/2022\/07\/Bunt-und-Niedlich-Rund-Rahmen-Baby-Fotocollage-1.png&#8220; _builder_version=&#8220;4.2.1&#8243; hover_enabled=&#8220;0&#8243; z_index_tablet=&#8220;500&#8243; box_shadow_horizontal_tablet=&#8220;0px&#8220; box_shadow_vertical_tablet=&#8220;0px&#8220; box_shadow_blur_tablet=&#8220;40px&#8220; box_shadow_spread_tablet=&#8220;0px&#8220;][\/et_pb_image][\/et_pb_column][et_pb_column type=&#8220;2_5&#8243; _builder_version=&#8220;3.0.47&#8243; custom_padding=&#8220;|||&#8220; custom_padding__hover=&#8220;|||&#8220;][et_pb_text admin_label=&#8220;Die Commitment Spielplatte \u2013 \u201eSpielfeld\u201c ihres Vorhabens&#8220; _builder_version=&#8220;4.2.1&#8243; text_text_color=&#8220;#ffffff&#8220; header_2_text_color=&#8220;#ffffff&#8220; background_size=&#8220;initial&#8220; background_position=&#8220;top_left&#8220; background_repeat=&#8220;repeat&#8220; custom_padding=&#8220;||47px|||&#8220; link_option_url_new_window=&#8220;on&#8220; z_index_tablet=&#8220;500&#8243; text_text_shadow_horizontal_length_tablet=&#8220;0px&#8220; text_text_shadow_vertical_length_tablet=&#8220;0px&#8220; text_text_shadow_blur_strength_tablet=&#8220;1px&#8220; link_text_shadow_horizontal_length_tablet=&#8220;0px&#8220; link_text_shadow_vertical_length_tablet=&#8220;0px&#8220; link_text_shadow_blur_strength_tablet=&#8220;1px&#8220; ul_text_shadow_horizontal_length_tablet=&#8220;0px&#8220; ul_text_shadow_vertical_length_tablet=&#8220;0px&#8220; ul_text_shadow_blur_strength_tablet=&#8220;1px&#8220; ol_text_shadow_horizontal_length_tablet=&#8220;0px&#8220; ol_text_shadow_vertical_length_tablet=&#8220;0px&#8220; ol_text_shadow_blur_strength_tablet=&#8220;1px&#8220; quote_text_shadow_horizontal_length_tablet=&#8220;0px&#8220; quote_text_shadow_vertical_length_tablet=&#8220;0px&#8220; quote_text_shadow_blur_strength_tablet=&#8220;1px&#8220; header_text_shadow_horizontal_length_tablet=&#8220;0px&#8220; header_text_shadow_vertical_length_tablet=&#8220;0px&#8220; header_text_shadow_blur_strength_tablet=&#8220;1px&#8220; header_2_text_shadow_horizontal_length_tablet=&#8220;0px&#8220; header_2_text_shadow_vertical_length_tablet=&#8220;0px&#8220; header_2_text_shadow_blur_strength_tablet=&#8220;1px&#8220; header_3_text_shadow_horizontal_length_tablet=&#8220;0px&#8220; header_3_text_shadow_vertical_length_tablet=&#8220;0px&#8220; header_3_text_shadow_blur_strength_tablet=&#8220;1px&#8220; header_4_text_shadow_horizontal_length_tablet=&#8220;0px&#8220; header_4_text_shadow_vertical_length_tablet=&#8220;0px&#8220; header_4_text_shadow_blur_strength_tablet=&#8220;1px&#8220; header_5_text_shadow_horizontal_length_tablet=&#8220;0px&#8220; header_5_text_shadow_vertical_length_tablet=&#8220;0px&#8220; header_5_text_shadow_blur_strength_tablet=&#8220;1px&#8220; header_6_text_shadow_horizontal_length_tablet=&#8220;0px&#8220; header_6_text_shadow_vertical_length_tablet=&#8220;0px&#8220; header_6_text_shadow_blur_strength_tablet=&#8220;1px&#8220; box_shadow_horizontal_tablet=&#8220;0px&#8220; box_shadow_vertical_tablet=&#8220;0px&#8220; box_shadow_blur_tablet=&#8220;40px&#8220; box_shadow_spread_tablet=&#8220;0px&#8220; use_border_color=&#8220;off&#8220;]<\/p>\n<h2><\/h2>\n<h2>\u00dcber Jana<span style=\"font-size: 18px;font-weight: 500\">\u00a0<\/span><\/h2>\n<p><span style=\"font-size: 18px;font-weight: 500\"><\/span><\/p>\n<p><span data-contrast=\"auto\" xml:lang=\"DE-AT\" lang=\"DE-AT\" class=\"TextRun SCXW72800106 BCX9\"><span class=\"NormalTextRun SCXW72800106 BCX9\">In ihrem Gap-Year nach der Matura und vor dem Studium hat Jana als Team-<\/span><span class=\"NormalTextRun SpellingErrorV2Themed SCXW72800106 BCX9\">Assistant<\/span><span class=\"NormalTextRun SCXW72800106 BCX9\"> bei MDI begonnen.\u00a0<\/span><\/span><\/p>\n<p><span class=\"NormalTextRun SCXW72800106 BCX9\">Im April war sie <\/span><span class=\"NormalTextRun SCXW72800106 BCX9\">auf Interrail-Reise, wo sie <\/span><span class=\"NormalTextRun SCXW72800106 BCX9\">7<\/span><span class=\"NormalTextRun SCXW72800106 BCX9\"> St\u00e4dte<\/span><span class=\"NormalTextRun SCXW72800106 BCX9\"> <\/span><span class=\"NormalTextRun SCXW72800106 BCX9\">in Europa <\/span><span class=\"NormalTextRun SCXW72800106 BCX9\">entdeckt hat.<\/span><span class=\"NormalTextRun SCXW72800106 BCX9\"> Neben Reisen verbringt sie ihre Zeit gerne mit <\/span><span class=\"NormalTextRun SCXW72800106 BCX9\">kreativen Outlets wie h\u00e4keln, fotografieren oder kochen.\u00a0<\/span><\/p>\n<p><span data-contrast=\"auto\" xml:lang=\"DE-AT\" lang=\"DE-AT\" class=\"TextRun SCXW72800106 BCX9\"><span class=\"NormalTextRun SCXW72800106 BCX9\">Als Teil der Generation Z <\/span><span class=\"NormalTextRun SCXW72800106 BCX9\">ist ihr Handy nat\u00fcrlich ein gr\u00f6\u00dferer Bestandteil ihres Lebens, als sie es gerne h\u00e4tte.<\/span><\/span><span class=\"EOP SCXW72800106 BCX9\" data-ccp-props=\"{&quot;201341983&quot;:0,&quot;335551550&quot;:6,&quot;335551620&quot;:6,&quot;335559739&quot;:160,&quot;335559740&quot;:259}\">\u00a0<\/span><\/p>\n<p>[\/et_pb_text][\/et_pb_column][\/et_pb_row][\/et_pb_section][et_pb_section fb_built=&#8220;1&#8243; _builder_version=&#8220;3.22.3&#8243;][et_pb_row admin_label=&#8220;Virtuelle Zusammenarbeit&#8220; _builder_version=&#8220;4.2.1&#8243; background_size=&#8220;initial&#8220; background_position=&#8220;top_left&#8220; background_repeat=&#8220;repeat&#8220; custom_margin=&#8220;|||auto|false|false&#8220;][et_pb_column type=&#8220;4_4&#8243; _builder_version=&#8220;3.0.47&#8243; custom_padding=&#8220;|||&#8220; custom_padding__hover=&#8220;|||&#8220;][et_pb_text admin_label=&#8220;Wie Sie am Bild der Spielplatte oben sehen k\u00f6nnen, teilen zwei Achsen das \u201eSpielfeld\u201c ihres Vorhabens: Die \u00dcberzeugung vom Sinn des Vorhabens und die \u00dcber&#8220; _builder_version=&#8220;4.2.1&#8243; header_2_font_size=&#8220;24px&#8220; background_size=&#8220;initial&#8220; background_position=&#8220;top_left&#8220; background_repeat=&#8220;repeat&#8220; z_index_tablet=&#8220;500&#8243; text_text_shadow_horizontal_length_tablet=&#8220;0px&#8220; text_text_shadow_vertical_length_tablet=&#8220;0px&#8220; text_text_shadow_blur_strength_tablet=&#8220;1px&#8220; link_text_shadow_horizontal_length_tablet=&#8220;0px&#8220; link_text_shadow_vertical_length_tablet=&#8220;0px&#8220; link_text_shadow_blur_strength_tablet=&#8220;1px&#8220; ul_text_shadow_horizontal_length_tablet=&#8220;0px&#8220; ul_text_shadow_vertical_length_tablet=&#8220;0px&#8220; ul_text_shadow_blur_strength_tablet=&#8220;1px&#8220; ol_text_shadow_horizontal_length_tablet=&#8220;0px&#8220; ol_text_shadow_vertical_length_tablet=&#8220;0px&#8220; ol_text_shadow_blur_strength_tablet=&#8220;1px&#8220; quote_text_shadow_horizontal_length_tablet=&#8220;0px&#8220; quote_text_shadow_vertical_length_tablet=&#8220;0px&#8220; quote_text_shadow_blur_strength_tablet=&#8220;1px&#8220; header_text_shadow_horizontal_length_tablet=&#8220;0px&#8220; header_text_shadow_vertical_length_tablet=&#8220;0px&#8220; header_text_shadow_blur_strength_tablet=&#8220;1px&#8220; header_2_text_shadow_horizontal_length_tablet=&#8220;0px&#8220; header_2_text_shadow_vertical_length_tablet=&#8220;0px&#8220; header_2_text_shadow_blur_strength_tablet=&#8220;1px&#8220; header_3_text_shadow_horizontal_length_tablet=&#8220;0px&#8220; header_3_text_shadow_vertical_length_tablet=&#8220;0px&#8220; header_3_text_shadow_blur_strength_tablet=&#8220;1px&#8220; header_4_text_shadow_horizontal_length_tablet=&#8220;0px&#8220; header_4_text_shadow_vertical_length_tablet=&#8220;0px&#8220; header_4_text_shadow_blur_strength_tablet=&#8220;1px&#8220; header_5_text_shadow_horizontal_length_tablet=&#8220;0px&#8220; header_5_text_shadow_vertical_length_tablet=&#8220;0px&#8220; header_5_text_shadow_blur_strength_tablet=&#8220;1px&#8220; header_6_text_shadow_horizontal_length_tablet=&#8220;0px&#8220; header_6_text_shadow_vertical_length_tablet=&#8220;0px&#8220; header_6_text_shadow_blur_strength_tablet=&#8220;1px&#8220; box_shadow_horizontal_tablet=&#8220;0px&#8220; box_shadow_vertical_tablet=&#8220;0px&#8220; box_shadow_blur_tablet=&#8220;40px&#8220; box_shadow_spread_tablet=&#8220;0px&#8220; use_border_color=&#8220;off&#8220; border_style=&#8220;solid&#8220;]<\/p>\n<h3>Liebe Jana, Let\u2019s Spill the Tea on Gen Z \ud83d\ude42<\/h3>\n<blockquote>\n<p><span style=\"color: #951d7d\"><strong>Erz\u00e4hle uns ein wenig \u00fcber dich. <\/strong><\/span><\/p>\n<p><span style=\"color: #951d7d\"><strong>Wo liegen deine beruflichen Interessen und welche weiteren Ausbildungen strebst du an?<\/strong><\/span><\/p>\n<\/blockquote>\n<p>Meine beruflichen Interessen \u00e4ndern sich tats\u00e4chlich st\u00e4ndig. Im Moment steht mir allerdings der Beginn meines Bachelor-Studiums in Holland bevor \u2013 International Studies an der Universit\u00e4t Leiden. Es ist ein f\u00e4cher\u00fcbergreifendes Studium, in dem anhand einer bestimmten Weltregion Wirtschaft, Kultur, Sprache und Politik untersucht werden. Demnach also perfekt f\u00fcr jemanden wie mich, die noch gar keine Ahnung hat, was sie genau interessiert oder was sie sp\u00e4ter einmal machen m\u00f6chte.<\/p>\n<p>Ich k\u00f6nnte mir aber gut vorstellen, sp\u00e4ter einmal in eine kreative Richtung zu gehen (z.B. im Bereich Grafikdesign) oder wie jetzt gerade bei MDI f\u00fcr bestimmte Medien zu schreiben und zu berichten.<\/p>\n<blockquote>\n<p><span style=\"color: #951d7d\"><strong>Was m\u00fcsste ein Arbeitgeber anbieten (Website, Jobinserat etc.), damit er dich anspricht?<\/strong><\/span><\/p>\n<\/blockquote>\n<p>Erst einmal muss nat\u00fcrlich das Preis-Leitungsverh\u00e4ltnis stimmen &#8211; ich m\u00f6chte nicht mehr Arbeit verrichten als ich bezahlt bekomme. Gleichzeitig muss ich das Gef\u00fchl bekommen, dass ich zu diesem Unternehmen passe \u2013 das kann durch eine sch\u00f6n gestaltete Website, ein nettes Inserat oder eine spannende Aufgabenbeschreibung passieren.<\/p>\n<h4><span style=\"font-size: 18px\">Aktuell zu hohe Voraussetzungen<\/span><\/h4>\n<p>Wichtig ist aber auch, dass der:die Arbeitgeber:in nicht allzu viele Bedingungen an mich stellt, die ich nicht erf\u00fcllen kann. Ein h\u00e4ufiges Problem in meinem Umfeld ist es, dass man durch Schule und Studium nicht so viel berufliche Vorkenntnisse mitnehmen kann, wie es oft verlangt wird. Es ist momentan wirklich schwer, einen selbst einfachen Job zu finden, bei dem nicht Erfahrungen auf 10 verschiedenen Gebieten vorausgesetzt werden oder zu dem man keine pers\u00f6nlichen Kontakte hat.<\/p>\n<blockquote>\n<p><span style=\"color: #951d7d\"><strong>Ganz allgemein, wei\u00dft du bereits jetzt, was dir im Job wirklich wichtig ist?<\/strong><\/span><\/p>\n<\/blockquote>\n<p>Nein, noch nicht genau. Ich wei\u00df, dass ich nicht 100% meiner Arbeitszeit hinter einem Bildschirm verbringen m\u00f6chte. Und das klingt jetzt banal, aber ich erwarte mir von meinem Job, dass ich gerne hingehe und vielleicht sogar eine Passion f\u00fcr das entwickle, was ich tue. Ich stelle mir nichts Schlimmeres vor als einen Arbeitsplatz, bei dem sich jedes Mal mein Bauch zusammenkrampft, wenn ich ihn betrete.<\/p>\n<blockquote>\n<p><span style=\"color: #951d7d\"><strong>Was motiviert dich so richtig im beruflichen Kontext?<\/strong><\/span><\/p>\n<\/blockquote>\n<p>Einerseits, wie gesagt,<\/p>\n<ul>\n<li>das Interesse an der T\u00e4tigkeit<\/li>\n<li>und die Tatsache, dass ich gerne zur Arbeit gehe.<\/li>\n<li>Andererseits spielen die Menschen, mit denen ich kooperiere, eine gro\u00dfe Rolle.<\/li>\n<\/ul>\n<h4>Zusammenhalt im Team\u00a0<\/h4>\n<p>Bei MDI f\u00fchle ich mich unglaublich wohl, zu einem gro\u00dfen Teil auch, weil wir einen tollen Zusammenhalt im Team untereinander haben. Das motiviert mich \u2013 ich gehe immer sehr gerne ins B\u00fcro und plaudere mit meinen Kolleg:innen.<\/p>\n<h4>Anerkennung und Feedback<\/h4>\n<p>Ein weiterer Faktor ist f\u00fcr mich nat\u00fcrlich die Anerkennung und das Feedback, das ich f\u00fcr meine erledigten Aufgaben bekomme. Es ist mir wichtig, zu wissen, dass das, was ich jeden Tag f\u00fcr MDI mache, gut ankommt bzw. dass ich eine wertvolle Arbeit f\u00fcr das Unternehmen leiste. Und falls das nicht der Fall ist, w\u00fcnsche ich mir genauso, dass mir ehrlich und transparent kommuniziert wird, was ich verbessern kann.<\/p>\n<p>[\/et_pb_text][et_pb_image src=&#8220;https:\/\/blog.mdi-training.com\/de\/wp-content\/uploads\/sites\/2\/2022\/07\/shutterstock_307372277.png&#8220; _builder_version=&#8220;4.2.1&#8243;][\/et_pb_image][et_pb_text admin_label=&#8220;Die Commitment Spielplatte \u2013 Zentrales Tool in der laterale F\u00fchrung&#8220; _builder_version=&#8220;4.2.1&#8243; header_2_font_size=&#8220;24px&#8220; background_size=&#8220;initial&#8220; background_position=&#8220;top_left&#8220; background_repeat=&#8220;repeat&#8220; text_orientation=&#8220;center&#8220; module_alignment=&#8220;center&#8220; custom_padding=&#8220;44px|||||&#8220; z_index_tablet=&#8220;500&#8243; text_text_shadow_horizontal_length_tablet=&#8220;0px&#8220; text_text_shadow_vertical_length_tablet=&#8220;0px&#8220; text_text_shadow_blur_strength_tablet=&#8220;1px&#8220; link_text_shadow_horizontal_length_tablet=&#8220;0px&#8220; link_text_shadow_vertical_length_tablet=&#8220;0px&#8220; link_text_shadow_blur_strength_tablet=&#8220;1px&#8220; ul_text_shadow_horizontal_length_tablet=&#8220;0px&#8220; ul_text_shadow_vertical_length_tablet=&#8220;0px&#8220; ul_text_shadow_blur_strength_tablet=&#8220;1px&#8220; ol_text_shadow_horizontal_length_tablet=&#8220;0px&#8220; ol_text_shadow_vertical_length_tablet=&#8220;0px&#8220; ol_text_shadow_blur_strength_tablet=&#8220;1px&#8220; quote_text_shadow_horizontal_length_tablet=&#8220;0px&#8220; quote_text_shadow_vertical_length_tablet=&#8220;0px&#8220; quote_text_shadow_blur_strength_tablet=&#8220;1px&#8220; header_text_shadow_horizontal_length_tablet=&#8220;0px&#8220; header_text_shadow_vertical_length_tablet=&#8220;0px&#8220; header_text_shadow_blur_strength_tablet=&#8220;1px&#8220; header_2_text_shadow_horizontal_length_tablet=&#8220;0px&#8220; header_2_text_shadow_vertical_length_tablet=&#8220;0px&#8220; header_2_text_shadow_blur_strength_tablet=&#8220;1px&#8220; header_3_text_shadow_horizontal_length_tablet=&#8220;0px&#8220; header_3_text_shadow_vertical_length_tablet=&#8220;0px&#8220; header_3_text_shadow_blur_strength_tablet=&#8220;1px&#8220; header_4_text_shadow_horizontal_length_tablet=&#8220;0px&#8220; header_4_text_shadow_vertical_length_tablet=&#8220;0px&#8220; header_4_text_shadow_blur_strength_tablet=&#8220;1px&#8220; header_5_text_shadow_horizontal_length_tablet=&#8220;0px&#8220; header_5_text_shadow_vertical_length_tablet=&#8220;0px&#8220; header_5_text_shadow_blur_strength_tablet=&#8220;1px&#8220; header_6_text_shadow_horizontal_length_tablet=&#8220;0px&#8220; header_6_text_shadow_vertical_length_tablet=&#8220;0px&#8220; header_6_text_shadow_blur_strength_tablet=&#8220;1px&#8220; box_shadow_horizontal_tablet=&#8220;0px&#8220; box_shadow_vertical_tablet=&#8220;0px&#8220; box_shadow_blur_tablet=&#8220;40px&#8220; box_shadow_spread_tablet=&#8220;0px&#8220; use_border_color=&#8220;off&#8220;]<\/p>\n<blockquote><\/blockquote>\n<blockquote>\n<p style=\"text-align: left\"><span style=\"color: #951d7d\"><strong>Was sind berufliche Must Haves &amp; No Go\u2019s f\u00fcr dich? <\/strong><\/span><\/p>\n<p style=\"text-align: left\"><span style=\"color: #951d7d\"><strong>Zum Beispiel in Bezug auf Arbeitszeit, Arbeitsmodelle, On- und Offline Arbeit etc.<\/strong><\/span><\/p>\n<\/blockquote>\n<h4 style=\"text-align: left\">Must-Have<\/h4>\n<p style=\"text-align: left\">Ein Must-Have ist die Option auf Home-Office bzw. Third Place Working. Letzte Woche war ich beispielsweise in Quarant\u00e4ne und da hat es mir wirklich gutgetan, auch zu Hause besch\u00e4ftigt zu sein. Au\u00dferdem bin ich MDI sehr dankbar, dass ich mir meine Arbeitszeit selbst einteilen kann. Ich wei\u00df nat\u00fcrlich, dass das ein Privileg ist und rechne auch gar nicht damit, dass es sp\u00e4ter, wenn ich mehr arbeite, auch so sein wird.<\/p>\n<h4 style=\"text-align: left\">No-Go<\/h4>\n<p style=\"text-align: left\">Ein No-Go w\u00e4re f\u00fcr mich, wenn man mit mir nicht respektvoll &amp; auf Augenh\u00f6he spricht. Au\u00dferdem m\u00f6chte ich stets mein Privatleben mit dem Beruflichen vereinen k\u00f6nnen und nicht unter Bergen von Arbeit versinken m\u00fcssen.<\/p>\n<blockquote>\n<p style=\"text-align: left\"><span style=\"color: #951d7d\"><strong>Bevorzugst du Home-Office, Third Place Working, F2F Arbeit im B\u00fcro oder eine Mischform?<\/strong><\/span><\/p>\n<\/blockquote>\n<h4 style=\"text-align: left\">Hybrid Working<\/h4>\n<p style=\"text-align: left\">Auf jeden Fall eine Mischform. Am liebsten komme ich immer noch physisch ins B\u00fcro, weil ich mich dort mit meinen Kolleg:innen sozialisieren kann. Aber auch, weil ich dort mein privates Leben klar vom Beruflichen abgrenzen kann. Im Office ist meine Konzentration deutlich h\u00f6her und ich werde nicht so leicht abgelenkt (z.B. durch ein spontanes Aufr\u00e4umen).<\/p>\n<h4 style=\"text-align: left\">Third Place Working\u00a0<\/h4>\n<p style=\"text-align: left\">Dennoch freue ich mich ab und zu, meine Arbeit auch von zu Hause oder \u2013 noch besser \u2013 von einem dritten Ort wie einem netten Caf\u00e9 verrichten zu k\u00f6nnen.<\/p>\n<blockquote>\n<p style=\"text-align: left\"><span style=\"color: #951d7d\"><strong>Welche Kan\u00e4le (Social Media) sollte ein Arbeitgeber nutzen, um dich zu erreichen?<\/strong><\/span><\/p>\n<\/blockquote>\n<p style=\"text-align: left\">Ich pers\u00f6nlich nutze nur Instagram. Grunds\u00e4tzlich finde ich es aber auf jeden Fall sinnvoll, Inserate auf allen m\u00f6glichen Kan\u00e4len (Twitter, Facebook, Tiktok, \u2026) auszustellen. Dort halten sich schlie\u00dflich die meisten jungen Leute auf und warum nicht gleich bei einem Job bewerben, wenn man die App schon nutzt?<\/p>\n<blockquote>\n<p style=\"text-align: left\"><span style=\"color: #951d7d\"><strong>Welche Erwartungen hast du an deine direkte F\u00fchrungskraft?<\/strong><\/span><\/p>\n<\/blockquote>\n<p style=\"text-align: left\">Ich m\u00f6chte auf jeden Fall f\u00fcr das, was ich tue gesch\u00e4tzt werden. Ich halte nicht viel von hierarchischen Strukturen und deshalb ist es ist mir wichtig, dass meine F\u00fchrung mich nicht herablassend behandelt und mir auf derselben Ebene entgegenkommt. Und, wie schon gesagt, transparente und ehrliche Kommunikation ist f\u00fcr mich ein Muss.<\/p>\n<p>[\/et_pb_text][et_pb_image src=&#8220;https:\/\/blog.mdi-training.com\/de\/wp-content\/uploads\/sites\/2\/2022\/07\/Bunt-und-Niedlich-Rund-Rahmen-Baby-Fotocollage-2.png&#8220; alt=&#8220;commitment-spielplatte&#8220; title_text=&#8220;Die Commitment Spielplatte&#8220; url_new_window=&#8220;on&#8220; align=&#8220;center&#8220; align_tablet=&#8220;center&#8220; align_phone=&#8220;&#8220; align_last_edited=&#8220;on|desktop&#8220; admin_label=&#8220;Virtuelle Zusammenarbeit&#8220; _builder_version=&#8220;4.2.1&#8243; width=&#8220;66%&#8220; hover_enabled=&#8220;0&#8243; z_index_tablet=&#8220;500&#8243; border_width_all_tablet=&#8220;25&#8243; box_shadow_horizontal_tablet=&#8220;0px&#8220; box_shadow_vertical_tablet=&#8220;0px&#8220; box_shadow_blur_tablet=&#8220;40px&#8220; box_shadow_spread_tablet=&#8220;0px&#8220; use_border_color=&#8220;off&#8220;][\/et_pb_image][\/et_pb_column][\/et_pb_row][et_pb_row padding_mobile=&#8220;off&#8220; column_padding_mobile=&#8220;on&#8220; _builder_version=&#8220;3.25&#8243; background_size=&#8220;initial&#8220; background_position=&#8220;top_left&#8220; background_repeat=&#8220;repeat&#8220; make_fullwidth=&#8220;off&#8220; use_custom_width=&#8220;off&#8220; width_unit=&#8220;off&#8220; custom_width_px=&#8220;1080px&#8220; custom_width_percent=&#8220;80%&#8220;][et_pb_column type=&#8220;4_4&#8243; _builder_version=&#8220;3.0.47&#8243; custom_padding=&#8220;|||&#8220; custom_padding__hover=&#8220;|||&#8220;][et_pb_text admin_label=&#8220;Die Commitment Spielplatte \u2013 Zentrales Tool in der laterale F\u00fchrung&#8220; _builder_version=&#8220;4.2.1&#8243; header_2_font_size=&#8220;24px&#8220; background_size=&#8220;initial&#8220; background_position=&#8220;top_left&#8220; background_repeat=&#8220;repeat&#8220; text_orientation=&#8220;center&#8220; module_alignment=&#8220;center&#8220; custom_padding=&#8220;44px|||||&#8220; z_index_tablet=&#8220;500&#8243; text_text_shadow_horizontal_length_tablet=&#8220;0px&#8220; text_text_shadow_vertical_length_tablet=&#8220;0px&#8220; text_text_shadow_blur_strength_tablet=&#8220;1px&#8220; link_text_shadow_horizontal_length_tablet=&#8220;0px&#8220; link_text_shadow_vertical_length_tablet=&#8220;0px&#8220; link_text_shadow_blur_strength_tablet=&#8220;1px&#8220; ul_text_shadow_horizontal_length_tablet=&#8220;0px&#8220; ul_text_shadow_vertical_length_tablet=&#8220;0px&#8220; ul_text_shadow_blur_strength_tablet=&#8220;1px&#8220; ol_text_shadow_horizontal_length_tablet=&#8220;0px&#8220; ol_text_shadow_vertical_length_tablet=&#8220;0px&#8220; ol_text_shadow_blur_strength_tablet=&#8220;1px&#8220; quote_text_shadow_horizontal_length_tablet=&#8220;0px&#8220; quote_text_shadow_vertical_length_tablet=&#8220;0px&#8220; quote_text_shadow_blur_strength_tablet=&#8220;1px&#8220; header_text_shadow_horizontal_length_tablet=&#8220;0px&#8220; header_text_shadow_vertical_length_tablet=&#8220;0px&#8220; header_text_shadow_blur_strength_tablet=&#8220;1px&#8220; header_2_text_shadow_horizontal_length_tablet=&#8220;0px&#8220; header_2_text_shadow_vertical_length_tablet=&#8220;0px&#8220; header_2_text_shadow_blur_strength_tablet=&#8220;1px&#8220; header_3_text_shadow_horizontal_length_tablet=&#8220;0px&#8220; header_3_text_shadow_vertical_length_tablet=&#8220;0px&#8220; header_3_text_shadow_blur_strength_tablet=&#8220;1px&#8220; header_4_text_shadow_horizontal_length_tablet=&#8220;0px&#8220; header_4_text_shadow_vertical_length_tablet=&#8220;0px&#8220; header_4_text_shadow_blur_strength_tablet=&#8220;1px&#8220; header_5_text_shadow_horizontal_length_tablet=&#8220;0px&#8220; header_5_text_shadow_vertical_length_tablet=&#8220;0px&#8220; header_5_text_shadow_blur_strength_tablet=&#8220;1px&#8220; header_6_text_shadow_horizontal_length_tablet=&#8220;0px&#8220; header_6_text_shadow_vertical_length_tablet=&#8220;0px&#8220; header_6_text_shadow_blur_strength_tablet=&#8220;1px&#8220; box_shadow_horizontal_tablet=&#8220;0px&#8220; box_shadow_vertical_tablet=&#8220;0px&#8220; box_shadow_blur_tablet=&#8220;40px&#8220; box_shadow_spread_tablet=&#8220;0px&#8220; use_border_color=&#8220;off&#8220;]<\/p>\n<blockquote>\n<p style=\"text-align: left\"><span style=\"color: #951d7d\"><strong>Wie wichtig ist dir die Altersstruktur deines Teams?<\/strong><\/span><\/p>\n<\/blockquote>\n<p style=\"text-align: left\">Dar\u00fcber habe ich noch gar nicht so viel nachgedacht. Aber grunds\u00e4tzlich freue ich mich immer \u00fcber Diversit\u00e4t \u2013 somit auch Altersdiversit\u00e4t. Es ist definitiv wichtig, dass das Unternehmen aus unterschiedlich alten Personen besteht, um sich Wissen und Erfahrung aus verschiedenen Generationen einholen.<\/p>\n<h4 style=\"text-align: left\">Diversit\u00e4t ist mehr<\/h4>\n<p style=\"text-align: left\">Man darf aber nicht vergessen, dass es beim Thema Diversit\u00e4t nicht nur um Alter geht, sondern fast mehr darum, verschiedene Ethnizit\u00e4ten, Genderidentit\u00e4ten und Menschen mit Behinderungen zu inkludieren.<\/p>\n<blockquote>\n<p style=\"text-align: left\"><span style=\"color: #951d7d\"><strong>Wie wichtig sind dir soziale Events ohne Arbeitsauftrag mit den Kolleg:innen?<\/strong><\/span><\/p>\n<\/blockquote>\n<p style=\"text-align: left\">Sehr! Jedes Mittagessen, bei dem das ganze Team an einem Tisch sitzt, bereitet mir gro\u00dfe Freude. Es ist sch\u00f6n, dass wir uns nicht nur \u00fcber die Arbeit, sondern auch \u00fcber unsere Privatleben austauschen k\u00f6nnen. Das sch\u00e4tze ich auch besonders bei MDI \u2013 es gibt immer wieder M\u00f6glichkeiten, sich au\u00dferhalb des beruflichen Kontextes zu vernetzen. Es werden tolle Stammtische und Feste organisiert, bei denen man einander dann noch ein St\u00fcck n\u00e4herkommen kann.<\/p>\n<blockquote><\/blockquote>\n<p style=\"text-align: left\">\n<p>[\/et_pb_text][et_pb_cta title=&#8220;Liebe Jana, letzte Frage \ud83d\ude09 Entscheide dich &#8230; viel Geld, aber ein Job, der f\u00fcr dich wenig Sinn macht oder umgekehrt?&#8220; button_text=&#8220;Klicks&#8220; _builder_version=&#8220;4.2.1&#8243;]<\/p>\n<p style=\"text-align: left\">Ich kann diese Frage auf zwei Arten beantworten.<\/p>\n<p style=\"text-align: left\">Einerseits hilft es mir f\u00fcr meine momentane Lebenssituation klarerweise, viel Geld zu verdienen, um mir etwas anzusparen bzw. es f\u00fcr Dinge auszugeben, die mir wichtig sind (erste Wohnung, reisen etc.).<\/p>\n<p style=\"text-align: left\">Andererseits m\u00f6chte ich in Zukunft, wenn ich Vollzeit in einem Unternehmen angestellt oder vielleicht auch selbstst\u00e4ndig bin, lieber etwas arbeiten, worin ich auch einen pers\u00f6nlichen Sinn sehe \u2013 auch, wenn ich daf\u00fcr nicht viel verdiene.<\/p>\n<p>[\/et_pb_cta][et_pb_divider _builder_version=&#8220;3.25.3&#8243;][\/et_pb_divider][et_pb_text admin_label=&#8220;Was interessiert Sie als n\u00e4chstes?&#8220; _builder_version=&#8220;4.2.1&#8243; background_size=&#8220;initial&#8220; background_position=&#8220;top_left&#8220; background_repeat=&#8220;repeat&#8220; text_orientation=&#8220;center&#8220; module_alignment=&#8220;center&#8220; use_border_color=&#8220;off&#8220; border_style=&#8220;solid&#8220;]<\/p>\n<h2>Was hilft dir als n\u00e4chstes?<\/h2>\n<p>[\/et_pb_text][et_pb_post_slider include_categories=&#8220;53,2,108&#8243; use_text_overlay=&#8220;off&#8220; _builder_version=&#8220;3.25.3&#8243; z_index_tablet=&#8220;500&#8243; header_text_shadow_horizontal_length_tablet=&#8220;0px&#8220; header_text_shadow_vertical_length_tablet=&#8220;0px&#8220; header_text_shadow_blur_strength_tablet=&#8220;1px&#8220; body_text_shadow_horizontal_length_tablet=&#8220;0px&#8220; body_text_shadow_vertical_length_tablet=&#8220;0px&#8220; body_text_shadow_blur_strength_tablet=&#8220;1px&#8220; meta_text_shadow_horizontal_length_tablet=&#8220;0px&#8220; meta_text_shadow_vertical_length_tablet=&#8220;0px&#8220; meta_text_shadow_blur_strength_tablet=&#8220;1px&#8220; body_link_text_shadow_horizontal_length_tablet=&#8220;0px&#8220; body_link_text_shadow_vertical_length_tablet=&#8220;0px&#8220; body_link_text_shadow_blur_strength_tablet=&#8220;1px&#8220; body_ul_text_shadow_horizontal_length_tablet=&#8220;0px&#8220; body_ul_text_shadow_vertical_length_tablet=&#8220;0px&#8220; body_ul_text_shadow_blur_strength_tablet=&#8220;1px&#8220; body_ol_text_shadow_horizontal_length_tablet=&#8220;0px&#8220; body_ol_text_shadow_vertical_length_tablet=&#8220;0px&#8220; body_ol_text_shadow_blur_strength_tablet=&#8220;1px&#8220; body_quote_text_shadow_horizontal_length_tablet=&#8220;0px&#8220; body_quote_text_shadow_vertical_length_tablet=&#8220;0px&#8220; body_quote_text_shadow_blur_strength_tablet=&#8220;1px&#8220; button_text_shadow_horizontal_length_tablet=&#8220;0px&#8220; button_text_shadow_vertical_length_tablet=&#8220;0px&#8220; button_text_shadow_blur_strength_tablet=&#8220;1px&#8220; box_shadow_horizontal_tablet=&#8220;0px&#8220; box_shadow_vertical_tablet=&#8220;0px&#8220; box_shadow_blur_tablet=&#8220;40px&#8220; box_shadow_spread_tablet=&#8220;0px&#8220; box_shadow_horizontal_image_tablet=&#8220;0px&#8220; box_shadow_vertical_image_tablet=&#8220;0px&#8220; box_shadow_blur_image_tablet=&#8220;40px&#8220; box_shadow_spread_image_tablet=&#8220;0px&#8220; box_shadow_horizontal_button_tablet=&#8220;0px&#8220; box_shadow_vertical_button_tablet=&#8220;0px&#8220; box_shadow_blur_button_tablet=&#8220;40px&#8220; box_shadow_spread_button_tablet=&#8220;0px&#8220; text_shadow_horizontal_length_tablet=&#8220;0px&#8220; text_shadow_vertical_length_tablet=&#8220;0px&#8220; text_shadow_blur_strength_tablet=&#8220;1px&#8220;][\/et_pb_post_slider][\/et_pb_column][\/et_pb_row][\/et_pb_section]<\/p>\n","protected":false},"excerpt":{"rendered":"<p>Gen Z(ukunft) \u2013 W\u00fcnsche und Erwartungen einer jungen Arbeitsgeneration\u00a0 Nach Angaben von PwC werden die Millennials bis zum Jahr 2030 50 % der Arbeitskr\u00e4fte ausmachen. Doch so schnell wie die Millennials in die Arbeitswelt eingezogen sind, kommt eine weitere, noch gr\u00f6\u00dfere Generation hinzu: Die Generation Z ist in der Lage, ein St\u00f6rfaktor am Arbeitsplatz zu [&hellip;]<\/p>\n","protected":false},"author":29,"featured_media":4299,"comment_status":"open","ping_status":"open","sticky":false,"template":"","format":"standard","meta":{"_et_pb_use_builder":"on","_et_pb_old_content":"","_et_gb_content_width":"","om_disable_all_campaigns":false,"footnotes":""},"categories":[48],"tags":[320,317,315,316,319,318],"class_list":["post-4298","post","type-post","status-publish","format-standard","has-post-thumbnail","hentry","category-mdi-inside","tag-arbeitnehmer","tag-arbeitsmarkt","tag-gen-z","tag-generatin-z","tag-jung","tag-recruiting","byline-jana-woelfl"],"yoast_head":"<!-- This site is optimized with the Yoast SEO plugin v27.0 - https:\/\/yoast.com\/product\/yoast-seo-wordpress\/ -->\n<title>Gen Z(ukunft) \u2013 W\u00fcnsche &amp; Erwartungen einer jungen Arbeitsgeneration<\/title>\n<meta name=\"description\" content=\"Eine weitere, noch gr\u00f6\u00dfere Generation kommt am Arbeitsmarkt hinzu: Gen Z(ukunft) - Erfahre mehr \u00fcber W\u00fcnsche &amp; Erwartungen der jungen Arbeitsgeneration\" \/>\n<meta name=\"robots\" content=\"index, follow, max-snippet:-1, max-image-preview:large, max-video-preview:-1\" \/>\n<link rel=\"canonical\" href=\"https:\/\/blog.mdi-training.com\/de\/2022\/07\/21\/gen-zukunft-wuensche-erwartungen-einer-jungen-arbeitsgeneration\/\" \/>\n<meta property=\"og:locale\" content=\"de_DE\" \/>\n<meta property=\"og:type\" content=\"article\" \/>\n<meta property=\"og:title\" content=\"Gen Z(ukunft) \u2013 W\u00fcnsche &amp; Erwartungen einer jungen Arbeitsgeneration\" \/>\n<meta property=\"og:description\" content=\"Eine weitere, noch gr\u00f6\u00dfere Generation kommt am Arbeitsmarkt hinzu: Gen Z(ukunft) - Erfahre mehr \u00fcber W\u00fcnsche &amp; Erwartungen der jungen Arbeitsgeneration\" \/>\n<meta property=\"og:url\" content=\"https:\/\/blog.mdi-training.com\/de\/2022\/07\/21\/gen-zukunft-wuensche-erwartungen-einer-jungen-arbeitsgeneration\/\" \/>\n<meta property=\"og:site_name\" content=\"F\u00fchrungskr\u00e4fteentwicklung\" \/>\n<meta property=\"article:published_time\" content=\"2022-07-21T12:35:26+00:00\" \/>\n<meta property=\"article:modified_time\" content=\"2023-10-02T14:06:44+00:00\" \/>\n<meta property=\"og:image\" content=\"https:\/\/blog.mdi-training.com\/de\/wp-content\/uploads\/sites\/2\/2022\/07\/shutterstock_1722211435.png\" \/>\n\t<meta property=\"og:image:width\" content=\"1000\" \/>\n\t<meta property=\"og:image:height\" content=\"470\" \/>\n\t<meta property=\"og:image:type\" content=\"image\/png\" \/>\n<meta name=\"author\" content=\"Aline\" \/>\n<meta name=\"twitter:label1\" content=\"Written by\" \/>\n\t<meta name=\"twitter:data1\" content=\"&lt;a href=&quot;https:\/\/blog.mdi-training.com\/de\/byline\/jana-woelfl\/&quot; rel=&quot;tag&quot;&gt;Jana W\u00f6lfl&lt;\/a&gt;\" \/>\n\t<meta name=\"twitter:label2\" content=\"Est. reading time\" \/>\n\t<meta name=\"twitter:data2\" content=\"10 Minuten\" \/>\n<script type=\"application\/ld+json\" class=\"yoast-schema-graph\">{\"@context\":\"https:\/\/schema.org\",\"@graph\":[{\"@type\":\"Article\",\"@id\":\"https:\/\/blog.mdi-training.com\/de\/2022\/07\/21\/gen-zukunft-wuensche-erwartungen-einer-jungen-arbeitsgeneration\/#article\",\"isPartOf\":{\"@id\":\"https:\/\/blog.mdi-training.com\/de\/2022\/07\/21\/gen-zukunft-wuensche-erwartungen-einer-jungen-arbeitsgeneration\/\"},\"author\":{\"name\":\"Aline\",\"@id\":\"https:\/\/blog.mdi-training.com\/de\/#\/schema\/person\/273717085c17e4008e8572b054ebf756\"},\"headline\":\"Gen Z(ukunft) \u2013 W\u00fcnsche &amp; Erwartungen einer jungen Arbeitsgeneration\",\"datePublished\":\"2022-07-21T12:35:26+00:00\",\"dateModified\":\"2023-10-02T14:06:44+00:00\",\"mainEntityOfPage\":{\"@id\":\"https:\/\/blog.mdi-training.com\/de\/2022\/07\/21\/gen-zukunft-wuensche-erwartungen-einer-jungen-arbeitsgeneration\/\"},\"wordCount\":3742,\"commentCount\":0,\"image\":{\"@id\":\"https:\/\/blog.mdi-training.com\/de\/2022\/07\/21\/gen-zukunft-wuensche-erwartungen-einer-jungen-arbeitsgeneration\/#primaryimage\"},\"thumbnailUrl\":\"https:\/\/blog.mdi-training.com\/de\/wp-content\/uploads\/sites\/2\/2022\/07\/shutterstock_1722211435.png\",\"keywords\":[\"arbeitnehmer\",\"Arbeitsmarkt\",\"Gen Z\",\"Generatin Z\",\"jung\",\"Recruiting\"],\"articleSection\":[\"MDI Inside\"],\"inLanguage\":\"de-DE\",\"potentialAction\":[{\"@type\":\"CommentAction\",\"name\":\"Comment\",\"target\":[\"https:\/\/blog.mdi-training.com\/de\/2022\/07\/21\/gen-zukunft-wuensche-erwartungen-einer-jungen-arbeitsgeneration\/#respond\"]}]},{\"@type\":\"WebPage\",\"@id\":\"https:\/\/blog.mdi-training.com\/de\/2022\/07\/21\/gen-zukunft-wuensche-erwartungen-einer-jungen-arbeitsgeneration\/\",\"url\":\"https:\/\/blog.mdi-training.com\/de\/2022\/07\/21\/gen-zukunft-wuensche-erwartungen-einer-jungen-arbeitsgeneration\/\",\"name\":\"Gen Z(ukunft) \u2013 W\u00fcnsche & Erwartungen einer jungen Arbeitsgeneration\",\"isPartOf\":{\"@id\":\"https:\/\/blog.mdi-training.com\/de\/#website\"},\"primaryImageOfPage\":{\"@id\":\"https:\/\/blog.mdi-training.com\/de\/2022\/07\/21\/gen-zukunft-wuensche-erwartungen-einer-jungen-arbeitsgeneration\/#primaryimage\"},\"image\":{\"@id\":\"https:\/\/blog.mdi-training.com\/de\/2022\/07\/21\/gen-zukunft-wuensche-erwartungen-einer-jungen-arbeitsgeneration\/#primaryimage\"},\"thumbnailUrl\":\"https:\/\/blog.mdi-training.com\/de\/wp-content\/uploads\/sites\/2\/2022\/07\/shutterstock_1722211435.png\",\"datePublished\":\"2022-07-21T12:35:26+00:00\",\"dateModified\":\"2023-10-02T14:06:44+00:00\",\"author\":{\"@id\":\"https:\/\/blog.mdi-training.com\/de\/#\/schema\/person\/273717085c17e4008e8572b054ebf756\"},\"description\":\"Eine weitere, noch gr\u00f6\u00dfere Generation kommt am Arbeitsmarkt hinzu: Gen Z(ukunft) - Erfahre mehr \u00fcber W\u00fcnsche & Erwartungen der jungen Arbeitsgeneration\",\"breadcrumb\":{\"@id\":\"https:\/\/blog.mdi-training.com\/de\/2022\/07\/21\/gen-zukunft-wuensche-erwartungen-einer-jungen-arbeitsgeneration\/#breadcrumb\"},\"inLanguage\":\"de-DE\",\"potentialAction\":[{\"@type\":\"ReadAction\",\"target\":[\"https:\/\/blog.mdi-training.com\/de\/2022\/07\/21\/gen-zukunft-wuensche-erwartungen-einer-jungen-arbeitsgeneration\/\"]}]},{\"@type\":\"ImageObject\",\"inLanguage\":\"de-DE\",\"@id\":\"https:\/\/blog.mdi-training.com\/de\/2022\/07\/21\/gen-zukunft-wuensche-erwartungen-einer-jungen-arbeitsgeneration\/#primaryimage\",\"url\":\"https:\/\/blog.mdi-training.com\/de\/wp-content\/uploads\/sites\/2\/2022\/07\/shutterstock_1722211435.png\",\"contentUrl\":\"https:\/\/blog.mdi-training.com\/de\/wp-content\/uploads\/sites\/2\/2022\/07\/shutterstock_1722211435.png\",\"width\":1000,\"height\":470},{\"@type\":\"BreadcrumbList\",\"@id\":\"https:\/\/blog.mdi-training.com\/de\/2022\/07\/21\/gen-zukunft-wuensche-erwartungen-einer-jungen-arbeitsgeneration\/#breadcrumb\",\"itemListElement\":[{\"@type\":\"ListItem\",\"position\":1,\"name\":\"Home\",\"item\":\"https:\/\/blog.mdi-training.com\/de\/\"},{\"@type\":\"ListItem\",\"position\":2,\"name\":\"Gen Z(ukunft) \u2013 W\u00fcnsche &amp; Erwartungen einer jungen Arbeitsgeneration\"}]},{\"@type\":\"WebSite\",\"@id\":\"https:\/\/blog.mdi-training.com\/de\/#website\",\"url\":\"https:\/\/blog.mdi-training.com\/de\/\",\"name\":\"F\u00fchrungskr\u00e4fteentwicklung\",\"description\":\"Blog \u00fcber F\u00fchrungskr\u00e4fteentwicklung, die wirkungsvoll, direkt on-the-job und somit nachhaltig zu Unternehmenserfolgen betr\u00e4gt. Geschrieben f\u00fcr HR ManagerInnen, PersonalentwicklerInnen und F\u00fchrungskr\u00e4fte selbst.\",\"potentialAction\":[{\"@type\":\"SearchAction\",\"target\":{\"@type\":\"EntryPoint\",\"urlTemplate\":\"https:\/\/blog.mdi-training.com\/de\/?s={search_term_string}\"},\"query-input\":{\"@type\":\"PropertyValueSpecification\",\"valueRequired\":true,\"valueName\":\"search_term_string\"}}],\"inLanguage\":\"de-DE\"},{\"@type\":\"Person\",\"@id\":\"https:\/\/blog.mdi-training.com\/de\/#\/schema\/person\/273717085c17e4008e8572b054ebf756\",\"name\":\"Aline\",\"image\":{\"@type\":\"ImageObject\",\"inLanguage\":\"de-DE\",\"@id\":\"https:\/\/blog.mdi-training.com\/de\/#\/schema\/person\/image\/\",\"url\":\"https:\/\/secure.gravatar.com\/avatar\/036bd15d7246b70f8b17be513c9ebd263ea59748f6e30871ac8494e8a9c8e6bd?s=96&d=mm&r=g\",\"contentUrl\":\"https:\/\/secure.gravatar.com\/avatar\/036bd15d7246b70f8b17be513c9ebd263ea59748f6e30871ac8494e8a9c8e6bd?s=96&d=mm&r=g\",\"caption\":\"Aline\"},\"url\":\"https:\/\/blog.mdi-training.com\/de\/author\/aline\/\"}]}<\/script>\n<!-- \/ Yoast SEO plugin. -->","yoast_head_json":{"title":"Gen Z(ukunft) \u2013 W\u00fcnsche & Erwartungen einer jungen Arbeitsgeneration","description":"Eine weitere, noch gr\u00f6\u00dfere Generation kommt am Arbeitsmarkt hinzu: Gen Z(ukunft) - Erfahre mehr \u00fcber W\u00fcnsche & Erwartungen der jungen Arbeitsgeneration","robots":{"index":"index","follow":"follow","max-snippet":"max-snippet:-1","max-image-preview":"max-image-preview:large","max-video-preview":"max-video-preview:-1"},"canonical":"https:\/\/blog.mdi-training.com\/de\/2022\/07\/21\/gen-zukunft-wuensche-erwartungen-einer-jungen-arbeitsgeneration\/","og_locale":"de_DE","og_type":"article","og_title":"Gen Z(ukunft) \u2013 W\u00fcnsche & Erwartungen einer jungen Arbeitsgeneration","og_description":"Eine weitere, noch gr\u00f6\u00dfere Generation kommt am Arbeitsmarkt hinzu: Gen Z(ukunft) - Erfahre mehr \u00fcber W\u00fcnsche & Erwartungen der jungen Arbeitsgeneration","og_url":"https:\/\/blog.mdi-training.com\/de\/2022\/07\/21\/gen-zukunft-wuensche-erwartungen-einer-jungen-arbeitsgeneration\/","og_site_name":"F\u00fchrungskr\u00e4fteentwicklung","article_published_time":"2022-07-21T12:35:26+00:00","article_modified_time":"2023-10-02T14:06:44+00:00","og_image":[{"width":1000,"height":470,"url":"https:\/\/blog.mdi-training.com\/de\/wp-content\/uploads\/sites\/2\/2022\/07\/shutterstock_1722211435.png","type":"image\/png"}],"author":"Aline","twitter_misc":{"Written by":"<a href=\"https:\/\/blog.mdi-training.com\/de\/byline\/jana-woelfl\/\" rel=\"tag\">Jana W\u00f6lfl<\/a>","Est. reading time":"10 Minuten"},"schema":{"@context":"https:\/\/schema.org","@graph":[{"@type":"Article","@id":"https:\/\/blog.mdi-training.com\/de\/2022\/07\/21\/gen-zukunft-wuensche-erwartungen-einer-jungen-arbeitsgeneration\/#article","isPartOf":{"@id":"https:\/\/blog.mdi-training.com\/de\/2022\/07\/21\/gen-zukunft-wuensche-erwartungen-einer-jungen-arbeitsgeneration\/"},"author":{"name":"Aline","@id":"https:\/\/blog.mdi-training.com\/de\/#\/schema\/person\/273717085c17e4008e8572b054ebf756"},"headline":"Gen Z(ukunft) \u2013 W\u00fcnsche &amp; Erwartungen einer jungen Arbeitsgeneration","datePublished":"2022-07-21T12:35:26+00:00","dateModified":"2023-10-02T14:06:44+00:00","mainEntityOfPage":{"@id":"https:\/\/blog.mdi-training.com\/de\/2022\/07\/21\/gen-zukunft-wuensche-erwartungen-einer-jungen-arbeitsgeneration\/"},"wordCount":3742,"commentCount":0,"image":{"@id":"https:\/\/blog.mdi-training.com\/de\/2022\/07\/21\/gen-zukunft-wuensche-erwartungen-einer-jungen-arbeitsgeneration\/#primaryimage"},"thumbnailUrl":"https:\/\/blog.mdi-training.com\/de\/wp-content\/uploads\/sites\/2\/2022\/07\/shutterstock_1722211435.png","keywords":["arbeitnehmer","Arbeitsmarkt","Gen Z","Generatin Z","jung","Recruiting"],"articleSection":["MDI Inside"],"inLanguage":"de-DE","potentialAction":[{"@type":"CommentAction","name":"Comment","target":["https:\/\/blog.mdi-training.com\/de\/2022\/07\/21\/gen-zukunft-wuensche-erwartungen-einer-jungen-arbeitsgeneration\/#respond"]}]},{"@type":"WebPage","@id":"https:\/\/blog.mdi-training.com\/de\/2022\/07\/21\/gen-zukunft-wuensche-erwartungen-einer-jungen-arbeitsgeneration\/","url":"https:\/\/blog.mdi-training.com\/de\/2022\/07\/21\/gen-zukunft-wuensche-erwartungen-einer-jungen-arbeitsgeneration\/","name":"Gen Z(ukunft) \u2013 W\u00fcnsche & Erwartungen einer jungen Arbeitsgeneration","isPartOf":{"@id":"https:\/\/blog.mdi-training.com\/de\/#website"},"primaryImageOfPage":{"@id":"https:\/\/blog.mdi-training.com\/de\/2022\/07\/21\/gen-zukunft-wuensche-erwartungen-einer-jungen-arbeitsgeneration\/#primaryimage"},"image":{"@id":"https:\/\/blog.mdi-training.com\/de\/2022\/07\/21\/gen-zukunft-wuensche-erwartungen-einer-jungen-arbeitsgeneration\/#primaryimage"},"thumbnailUrl":"https:\/\/blog.mdi-training.com\/de\/wp-content\/uploads\/sites\/2\/2022\/07\/shutterstock_1722211435.png","datePublished":"2022-07-21T12:35:26+00:00","dateModified":"2023-10-02T14:06:44+00:00","author":{"@id":"https:\/\/blog.mdi-training.com\/de\/#\/schema\/person\/273717085c17e4008e8572b054ebf756"},"description":"Eine weitere, noch gr\u00f6\u00dfere Generation kommt am Arbeitsmarkt hinzu: Gen Z(ukunft) - Erfahre mehr \u00fcber W\u00fcnsche & Erwartungen der jungen Arbeitsgeneration","breadcrumb":{"@id":"https:\/\/blog.mdi-training.com\/de\/2022\/07\/21\/gen-zukunft-wuensche-erwartungen-einer-jungen-arbeitsgeneration\/#breadcrumb"},"inLanguage":"de-DE","potentialAction":[{"@type":"ReadAction","target":["https:\/\/blog.mdi-training.com\/de\/2022\/07\/21\/gen-zukunft-wuensche-erwartungen-einer-jungen-arbeitsgeneration\/"]}]},{"@type":"ImageObject","inLanguage":"de-DE","@id":"https:\/\/blog.mdi-training.com\/de\/2022\/07\/21\/gen-zukunft-wuensche-erwartungen-einer-jungen-arbeitsgeneration\/#primaryimage","url":"https:\/\/blog.mdi-training.com\/de\/wp-content\/uploads\/sites\/2\/2022\/07\/shutterstock_1722211435.png","contentUrl":"https:\/\/blog.mdi-training.com\/de\/wp-content\/uploads\/sites\/2\/2022\/07\/shutterstock_1722211435.png","width":1000,"height":470},{"@type":"BreadcrumbList","@id":"https:\/\/blog.mdi-training.com\/de\/2022\/07\/21\/gen-zukunft-wuensche-erwartungen-einer-jungen-arbeitsgeneration\/#breadcrumb","itemListElement":[{"@type":"ListItem","position":1,"name":"Home","item":"https:\/\/blog.mdi-training.com\/de\/"},{"@type":"ListItem","position":2,"name":"Gen Z(ukunft) \u2013 W\u00fcnsche &amp; Erwartungen einer jungen Arbeitsgeneration"}]},{"@type":"WebSite","@id":"https:\/\/blog.mdi-training.com\/de\/#website","url":"https:\/\/blog.mdi-training.com\/de\/","name":"F\u00fchrungskr\u00e4fteentwicklung","description":"Blog \u00fcber F\u00fchrungskr\u00e4fteentwicklung, die wirkungsvoll, direkt on-the-job und somit nachhaltig zu Unternehmenserfolgen betr\u00e4gt. Geschrieben f\u00fcr HR ManagerInnen, PersonalentwicklerInnen und F\u00fchrungskr\u00e4fte selbst.","potentialAction":[{"@type":"SearchAction","target":{"@type":"EntryPoint","urlTemplate":"https:\/\/blog.mdi-training.com\/de\/?s={search_term_string}"},"query-input":{"@type":"PropertyValueSpecification","valueRequired":true,"valueName":"search_term_string"}}],"inLanguage":"de-DE"},{"@type":"Person","@id":"https:\/\/blog.mdi-training.com\/de\/#\/schema\/person\/273717085c17e4008e8572b054ebf756","name":"Aline","image":{"@type":"ImageObject","inLanguage":"de-DE","@id":"https:\/\/blog.mdi-training.com\/de\/#\/schema\/person\/image\/","url":"https:\/\/secure.gravatar.com\/avatar\/036bd15d7246b70f8b17be513c9ebd263ea59748f6e30871ac8494e8a9c8e6bd?s=96&d=mm&r=g","contentUrl":"https:\/\/secure.gravatar.com\/avatar\/036bd15d7246b70f8b17be513c9ebd263ea59748f6e30871ac8494e8a9c8e6bd?s=96&d=mm&r=g","caption":"Aline"},"url":"https:\/\/blog.mdi-training.com\/de\/author\/aline\/"}]}},"_links":{"self":[{"href":"https:\/\/blog.mdi-training.com\/de\/wp-json\/wp\/v2\/posts\/4298","targetHints":{"allow":["GET"]}}],"collection":[{"href":"https:\/\/blog.mdi-training.com\/de\/wp-json\/wp\/v2\/posts"}],"about":[{"href":"https:\/\/blog.mdi-training.com\/de\/wp-json\/wp\/v2\/types\/post"}],"author":[{"embeddable":true,"href":"https:\/\/blog.mdi-training.com\/de\/wp-json\/wp\/v2\/users\/29"}],"replies":[{"embeddable":true,"href":"https:\/\/blog.mdi-training.com\/de\/wp-json\/wp\/v2\/comments?post=4298"}],"version-history":[{"count":12,"href":"https:\/\/blog.mdi-training.com\/de\/wp-json\/wp\/v2\/posts\/4298\/revisions"}],"predecessor-version":[{"id":4335,"href":"https:\/\/blog.mdi-training.com\/de\/wp-json\/wp\/v2\/posts\/4298\/revisions\/4335"}],"wp:featuredmedia":[{"embeddable":true,"href":"https:\/\/blog.mdi-training.com\/de\/wp-json\/wp\/v2\/media\/4299"}],"wp:attachment":[{"href":"https:\/\/blog.mdi-training.com\/de\/wp-json\/wp\/v2\/media?parent=4298"}],"wp:term":[{"taxonomy":"category","embeddable":true,"href":"https:\/\/blog.mdi-training.com\/de\/wp-json\/wp\/v2\/categories?post=4298"},{"taxonomy":"post_tag","embeddable":true,"href":"https:\/\/blog.mdi-training.com\/de\/wp-json\/wp\/v2\/tags?post=4298"}],"curies":[{"name":"wp","href":"https:\/\/api.w.org\/{rel}","templated":true}]}}