{"id":1957,"date":"2017-03-15T15:00:32","date_gmt":"2017-03-15T13:00:32","guid":{"rendered":"https:\/\/blog.mdi-training.com\/de\/?p=1957"},"modified":"2017-03-30T16:54:13","modified_gmt":"2017-03-30T14:54:13","slug":"agile-leadership-auf-drei-ebenen","status":"publish","type":"post","link":"https:\/\/blog.mdi-training.com\/de\/2017\/03\/15\/agile-leadership-auf-drei-ebenen\/","title":{"rendered":"Individuum, Team und Unternehmen \u2013 Agile Leadership auf drei Ebenen"},"content":{"rendered":"<p>[et_pb_section admin_label=&#8220;section&#8220; transparent_background=&#8220;off&#8220; allow_player_pause=&#8220;off&#8220; inner_shadow=&#8220;off&#8220; parallax=&#8220;off&#8220; parallax_method=&#8220;on&#8220; padding_mobile=&#8220;off&#8220; make_fullwidth=&#8220;off&#8220; use_custom_width=&#8220;off&#8220; width_unit=&#8220;off&#8220; custom_width_px=&#8220;1080px&#8220; custom_width_percent=&#8220;80%&#8220; make_equal=&#8220;off&#8220; use_custom_gutter=&#8220;off&#8220; fullwidth=&#8220;off&#8220; specialty=&#8220;off&#8220; disabled=&#8220;off&#8220;][et_pb_row admin_label=&#8220;Zeile&#8220; make_fullwidth=&#8220;off&#8220; use_custom_width=&#8220;off&#8220; width_unit=&#8220;off&#8220; custom_width_px=&#8220;1080px&#8220; custom_width_percent=&#8220;80%&#8220; use_custom_gutter=&#8220;off&#8220; gutter_width=&#8220;3&#8243; allow_player_pause=&#8220;off&#8220; parallax=&#8220;off&#8220; parallax_method=&#8220;on&#8220; make_equal=&#8220;off&#8220; parallax_1=&#8220;off&#8220; parallax_method_1=&#8220;on&#8220; parallax_2=&#8220;off&#8220; parallax_method_2=&#8220;on&#8220; parallax_3=&#8220;off&#8220; parallax_method_3=&#8220;on&#8220; parallax_4=&#8220;off&#8220; parallax_method_4=&#8220;on&#8220; disabled=&#8220;off&#8220;][et_pb_column type=&#8220;4_4&#8243;][et_pb_text admin_label=&#8220;Einleitung&#8220; background_layout=&#8220;light&#8220; text_orientation=&#8220;left&#8220; use_border_color=&#8220;off&#8220; border_style=&#8220;solid&#8220; disabled=&#8220;off&#8220;]<\/p>\n<p>Euphorie trifft auf Unsicherheit: In Bezug auf Agile Leadership kann man gro\u00dfe Begeisterung und viel Tatendrang am Markt beobachten. Immer \u00f6fter h\u00f6rt man aus Unternehmen, dass sie planen, agile Methoden einzuf\u00fchren. Bei genauerem Nachfragen wird aber meist auch viel Unsicherheit dar\u00fcber sp\u00fcrbar, was dieses agile Konzept eigentlich genau ist, was es f\u00fcr ein Unternehmen bedeutet und ob und warum es sinnvoll ist oder auch nicht. Im Folgenden ein paar Gedanken dazu aus drei verschiedenen Perspektiven: aus der als Individuum, als Team und als Unternehmen.<\/p>\n<p>[\/et_pb_text][et_pb_divider admin_label=&#8220;Divider&#8220; color=&#8220;#ffffff&#8220; height=&#8220;30&#8243; divider_style=&#8220;solid&#8220; divider_position=&#8220;top&#8220; divider_weight=&#8220;1px&#8220; hide_on_mobile=&#8220;on&#8220; disabled=&#8220;off&#8220;] [\/et_pb_divider][\/et_pb_column][\/et_pb_row][et_pb_row admin_label=&#8220;Zeile&#8220; make_fullwidth=&#8220;off&#8220; use_custom_width=&#8220;off&#8220; width_unit=&#8220;off&#8220; custom_width_px=&#8220;1080px&#8220; custom_width_percent=&#8220;80%&#8220; use_custom_gutter=&#8220;off&#8220; gutter_width=&#8220;3&#8243; custom_padding=&#8220;|30px||20px&#8220; background_color=&#8220;rgba(149,29,125,0.19)&#8220; allow_player_pause=&#8220;off&#8220; parallax=&#8220;off&#8220; parallax_method=&#8220;on&#8220; make_equal=&#8220;off&#8220; column_padding_mobile=&#8220;on&#8220; parallax_1=&#8220;off&#8220; parallax_method_1=&#8220;on&#8220; parallax_2=&#8220;off&#8220; parallax_method_2=&#8220;on&#8220; parallax_3=&#8220;off&#8220; parallax_method_3=&#8220;on&#8220; parallax_4=&#8220;off&#8220; parallax_method_4=&#8220;on&#8220; disabled=&#8220;off&#8220;][et_pb_column type=&#8220;1_4&#8243;][et_pb_image admin_label=&#8220;Bild Alex&#8220; src=&#8220;https:\/\/blog.mdi-training.com\/de\/wp-content\/uploads\/sites\/2\/2016\/06\/Emotionale-F\u00fchrung-Gastartikel-Alexandra-Sock.png&#8220; alt=&#8220;Agile F\u00fchrung Gastbeitrag&#8220; title_text=&#8220;Agile F\u00fchrung Gastbeitrag&#8220; show_in_lightbox=&#8220;off&#8220; url_new_window=&#8220;on&#8220; use_overlay=&#8220;off&#8220; animation=&#8220;off&#8220; sticky=&#8220;off&#8220; align=&#8220;left&#8220; force_fullwidth=&#8220;off&#8220; always_center_on_mobile=&#8220;on&#8220; use_border_color=&#8220;off&#8220; border_color=&#8220;#ffffff&#8220; border_width=&#8220;1px&#8220; border_style=&#8220;solid&#8220; disabled=&#8220;off&#8220;] [\/et_pb_image][\/et_pb_column][et_pb_column type=&#8220;3_4&#8243;][et_pb_text admin_label=&#8220;Text&#8220; background_layout=&#8220;light&#8220; text_orientation=&#8220;left&#8220; use_border_color=&#8220;off&#8220; border_style=&#8220;solid&#8220; disabled=&#8220;off&#8220; border_color=&#8220;#ffffff&#8220;]<\/p>\n<p><strong><em>Die Autorin<br \/>\n<\/em><\/strong><em>Dieser Artikel wurde von Alexandra Sock f\u00fcr unseren Blog verfasst. Sie lebt aktuell in Wien, ist Managing Partner bei MDI Management Development International sowie leidenschaftliche Trainerin, Beraterin und Coach mit langj\u00e4hriger internationaler Erfahrung in den unterschiedlichsten Branchen. Bereits seit l\u00e4ngerer Zeit besch\u00e4ftigt sie sich mit dem Thema agile F\u00fchrung und hat nun gemeinsam mit MDI einen Basis-Workshop dazu entworfen. Wenn Sie sich f\u00fcr das Thema Agile F\u00fchrung interessieren, finden Sie in\u00a0<strong><a href=\"https:\/\/www.youtube.com\/watch?v=YSCesEkfkPc\">diesem Video<\/a><\/strong> einen Einblick in die Ziele und Methoden des Basis-Workshop und sind\u00a0vor allem herzlich eingeladen,\u00a0Alexandra Sock <strong><a href=\"mailto:office@mdi-training.com\">direkt zu kontaktieren<\/a><\/strong>,<strong>\u00a0<\/strong>um\u00a0sich mit ihr auszutauschen.\u00a0<\/em><\/p>\n<p>[\/et_pb_text][\/et_pb_column][\/et_pb_row][et_pb_row admin_label=&#8220;row&#8220; make_fullwidth=&#8220;off&#8220; use_custom_width=&#8220;off&#8220; width_unit=&#8220;off&#8220; custom_width_px=&#8220;1080px&#8220; custom_width_percent=&#8220;80%&#8220; use_custom_gutter=&#8220;off&#8220; gutter_width=&#8220;3&#8243; padding_mobile=&#8220;off&#8220; allow_player_pause=&#8220;off&#8220; parallax=&#8220;off&#8220; parallax_method=&#8220;on&#8220; make_equal=&#8220;off&#8220; column_padding_mobile=&#8220;on&#8220; parallax_1=&#8220;off&#8220; parallax_method_1=&#8220;on&#8220; parallax_2=&#8220;off&#8220; parallax_method_2=&#8220;on&#8220; parallax_3=&#8220;off&#8220; parallax_method_3=&#8220;on&#8220; parallax_4=&#8220;off&#8220; parallax_method_4=&#8220;on&#8220; disabled=&#8220;off&#8220;][et_pb_column type=&#8220;4_4&#8243;][et_pb_divider admin_label=&#8220;Divider&#8220; color=&#8220;#ffffff&#8220; height=&#8220;30&#8243; divider_style=&#8220;solid&#8220; divider_position=&#8220;top&#8220; divider_weight=&#8220;1px&#8220; hide_on_mobile=&#8220;on&#8220; disabled=&#8220;off&#8220;] [\/et_pb_divider][et_pb_text admin_label=&#8220;Text&#8220; background_layout=&#8220;light&#8220; text_orientation=&#8220;left&#8220; use_border_color=&#8220;off&#8220; border_style=&#8220;solid&#8220; disabled=&#8220;off&#8220;]<\/p>\n<h2><strong>Agile Leadership nimmt Fahrt auf<br \/>\n<\/strong><\/h2>\n<p>Warum agile F\u00fchrung gerade in den letzten Monaten so viel Fahrt aufgenommen hat, liegt meiner Ansicht nach an drei Faktoren.<\/p>\n<p>Erstens bemerken Unternehmen und Teams immer mehr, dass man sich heute nicht mehr auf die Faktenlage verlassen kann, zumindest nicht langfristig. Das hei\u00dft, dass nicht alles, was heute richtig ist, morgen auch noch so sein muss. Daher m\u00fcssen Unternehmen einen Weg finden, um schnell auf Ver\u00e4nderungen zu reagieren und um zu lernen, was passend ist und was nicht.<\/p>\n<p>Der zweite Aspekt, wieso das Thema an immer mehr Bedeutung gewinnt, ist die zunehmende Komplexit\u00e4t und Unsicherheit am Markt im Allgemeinen und der gesamten Unternehmens-, Produkte- und Markenwelt im Besonderen. Um zukunftsf\u00e4hig zu sein, m\u00fcssen Unternehmen nicht nur flexibel sein sondern trotz komplexer Umst\u00e4nde in der Lage sein, Innovation zu schaffen und neue\u00a0Produkte oder Dienstleistungen zu entwickeln. Je mehr unterschiedliche K\u00f6pfe dabei zusammenarbeiten, desto mehr versprechen sich Unternehmen eine passende Antwort zu finden. Diese Interdisziplinarit\u00e4t ist ein wesentlicher Faktor von Agile Leadership.<\/p>\n<p>[\/et_pb_text][et_pb_divider admin_label=&#8220;Divider&#8220; color=&#8220;#ffffff&#8220; height=&#8220;30&#8243; divider_style=&#8220;solid&#8220; divider_position=&#8220;top&#8220; divider_weight=&#8220;1px&#8220; hide_on_mobile=&#8220;on&#8220; disabled=&#8220;off&#8220;] [\/et_pb_divider][et_pb_image admin_label=&#8220;Image &#8211; Komplexe und schnell \u00e4ndernde M\u00e4rkte&#8220; src=&#8220;https:\/\/blog.mdi-training.com\/de\/wp-content\/uploads\/sites\/2\/2017\/03\/shutterstock_437204287.jpg&#8220; alt=&#8220;Komplexe und schnell \u00e4ndernde M\u00e4rkte&#8220; title_text=&#8220;Komplexe und schnell \u00e4ndernde M\u00e4rkte&#8220; show_in_lightbox=&#8220;off&#8220; url_new_window=&#8220;on&#8220; use_overlay=&#8220;off&#8220; animation=&#8220;off&#8220; sticky=&#8220;off&#8220; align=&#8220;center&#8220; force_fullwidth=&#8220;off&#8220; always_center_on_mobile=&#8220;on&#8220; use_border_color=&#8220;off&#8220; border_color=&#8220;#ffffff&#8220; border_width=&#8220;1px&#8220; border_style=&#8220;solid&#8220; disabled=&#8220;off&#8220;] [\/et_pb_image][et_pb_text admin_label=&#8220;Komplexe und schnell \u00e4ndernde M\u00e4rkte \u2013 auf diese Ver\u00e4nderungen muss ein Unternehmen lernen zu reagieren &#8220; background_layout=&#8220;light&#8220; text_orientation=&#8220;center&#8220; use_border_color=&#8220;off&#8220; border_style=&#8220;solid&#8220; disabled=&#8220;off&#8220;]<\/p>\n<p><em>Komplexe und schnell \u00e4ndernde M\u00e4rkte \u2013 auf diese Ver\u00e4nderungen muss ein Unternehmen lernen zu reagieren <\/em><\/p>\n<p>[\/et_pb_text][et_pb_text admin_label=&#8220;Absatz 2&#8243; background_layout=&#8220;light&#8220; text_orientation=&#8220;left&#8220; use_border_color=&#8220;off&#8220; border_style=&#8220;solid&#8220; disabled=&#8220;off&#8220;]<\/p>\n<p>Der dritte Faktor ist eine ver\u00e4nderte Sichtweise in der F\u00fchrungskultur. In den letzten Jahren hat sich immer mehr herauskristallisiert, dass Menschen selbstst\u00e4ndiger denken und arbeiten wollen, als man es bisher im Unternehmen mit klassischen Hierarchiestrukturen m\u00f6glich war. Man denke nur an die Ansichten und Bed\u00fcrfnisse der Generation Y und die der bereits wieder darauffolgenden Generation, die sich dem Arbeitsmarkt n\u00e4hert. Das klassische F\u00fchrungsverst\u00e4ndnis ist nicht mehr zeitgem\u00e4\u00df und modernes Arbeiten verlangt nach neuen Modellen und Herangehensweisen. Agile F\u00fchrung ist eine davon.<\/p>\n<p>&nbsp;<\/p>\n<h2><strong>Einf\u00fchrung von Agile Leadership: Top-Down oder zuerst im Team? <\/strong><\/h2>\n<p>Wenn wir nun von Agilit\u00e4t sprechen, reden wir generell immer von drei Ebenen: der individuellen Ebene, der Teamebene und der Organisationsebene. Um nicht \u00fcberst\u00fcrzt an das Thema agile F\u00fchrung heranzugehen und anschlie\u00dfend bei der Umsetzung zu scheitern, muss ein Unternehmen erst einmal abw\u00e4gen, ob und inwieweit agile Methoden im eigenen Haus \u00fcberhaupt sinnvoll sein k\u00f6nnen. Dabei ist wichtig zu wissen: Agile F\u00fchrung muss nicht immer gleich im ganzen Unternehmen eingef\u00fchrt werden, es kann zu Beginn auch in einzelnen Teams oder Bereichen sinnvoll sein. Vor allem dann, wenn ein Team sehr komplexe und unterschiedliche Aufgaben zu bew\u00e4ltigen hat oder unterschiedliche Themenbereiche abdecken muss. Der Grad der Komplexit\u00e4t ist also\u00a0ein Indikator, der agiles Arbeiten grunds\u00e4tzlich mehr oder weniger sinnvoll macht.<\/p>\n<p>Die Top-Down Herangehensweise braucht es sicher dann, wenn eine agile Unternehmenskultur das Ziel ist, da daf\u00fcr\u00a0meist ein kompletter Kulturchange stattfinden muss. Ohne F\u00fchrungsebene an Bord ist das undenkbar. Bei so einem Kulturchange geht es dann zum Beispiel darum, wichtige Antworten auf die Fragen zu finden, wer, wo, wann und wie bei Projekten und Entscheidungen mitreden darf, wie man mit interner\u00a0Informationsfreigabe umgeht \u2013 Stichwort Transparenz \u2013 und wie sehr die bestehenden Hierarchien aufgeweicht werden k\u00f6nnen oder sollen.<\/p>\n<p>Bevor man entscheidet, ob die Einf\u00fchrung Top-Down oder im einzelnen Team erfolgt, ist die zentrale Frage also: Wie weit wollen wir gehen? Oder vielleicht: wie weit m\u00fcssen wir gehen, um konkurrenz- und zukunftsf\u00e4hig zu bleiben?<\/p>\n<p>&nbsp;<\/p>\n<h2><strong>Agile Leadership auf drei Ebenen <\/strong><\/h2>\n<p>Hat man sich nun daf\u00fcr entschieden, zuk\u00fcnftig auf Agile Leadership zu setzen, gilt es, die drei Ebenen \u2013 Individuum, Team und Unternehmen \u2013 genau zu beleuchten, um potenzielle Widerst\u00e4nde fr\u00fchzeitig abzufangen.<\/p>\n<p><strong>\u00a0<\/strong><\/p>\n<h3><strong>Agile Leadership auf individueller Ebene<\/strong><\/h3>\n<p>Als Individuum muss ich mich in Bezug auf agile F\u00fchrung im ersten Schritt fragen, wie transparent ich im Moment arbeite, wie sehr ich selbstgesteuert agieren kann und wie viel Verantwortung ich trage beziehungsweise tragen darf. Wenn ich aktuell in einem sehr hierarchieorientierten Team arbeite, in dem es fast ausschlie\u00dflich klare Anweisungen des Vorgesetzten gibt, die abgearbeitet werden, ist der Spagat zum agilen Handeln nat\u00fcrlich sehr gro\u00df. Falls ich jetzt schon viel Freiraum habe und haupts\u00e4chlich selbstgesteuert arbeite, ist der Unterschied zur agilen Arbeitsweise vielleicht kaum bemerkbar.<\/p>\n<p>Dann muss man einen Blick auf den Status quo werfen und sich fragen: Wie eigenverantwortlich und transparent m\u00f6chte ich denn \u00fcberhaupt sein? Es gibt sicher genug Personen f\u00fcr die das (noch) nicht das erkl\u00e4rte Ziel ist und vielleicht auch nie sein wird.<\/p>\n<p>Noch ein Faktor, der Agilit\u00e4t auf individueller Ebene ausmacht, ist die Fehlerkultur. Als Mitglied eines agilen Teams ist die Bereitschaft, Fehler rasch und offen einzugestehen, wichtig. Anderenfalls behindert man m\u00f6glicherweise die Weiterarbeit aller anderen Teammitglieder. Aus Sicht einer etablierten F\u00fchrungskraft\u00a0kann es im Zuge agilen Arbeitens durchaus schwierig sein, nicht mehr erkl\u00e4rter Anf\u00fchrer sondern gleichberechtigter Teil eines Teams zu sein. Dadurch wird automatisch auf viel Einfluss und Macht verzichtet.<\/p>\n<p>&nbsp;<\/p>\n<h3><strong>Agile Leadership auf Teamebene<\/strong><\/h3>\n<p>Sind die individuellen Voraussetzungen f\u00fcr agile Methoden gegeben, liegt die Herausforderung im Team vor allem auf der Kommunikationsebene. St\u00e4ndiges Abstimmen, Austauschen und Kommunizieren sind wesentlich im agilen Setting. Sind die Strukturen dazu nicht vorhanden, kommt es zu Schwierigkeiten. F\u00fcr eine agile Kommunikationsstruktur braucht es Offenheit und tendenziell eher extrovertierte MitarbeiterInnen sowie die richtigen Tools. Bei der Einf\u00fchrung von agilem Arbeiten im Team lohnt es sich also, auch in die Kommunikationsstruktur und -f\u00e4higkeiten der Mitglieder zu investieren.<\/p>\n<p>[\/et_pb_text][et_pb_image admin_label=&#8220;Image &#8211; Kommunikation als A&amp;O in agilen Teams&#8220; src=&#8220;https:\/\/blog.mdi-training.com\/de\/wp-content\/uploads\/sites\/2\/2017\/03\/shutterstock_439213456.jpg&#8220; alt=&#8220;Kommunikation als A&amp;O in agilen Teams&#8220; title_text=&#8220;Kommunikation als A&amp;O in agilen Teams&#8220; show_in_lightbox=&#8220;off&#8220; url_new_window=&#8220;on&#8220; use_overlay=&#8220;off&#8220; animation=&#8220;off&#8220; sticky=&#8220;off&#8220; align=&#8220;center&#8220; force_fullwidth=&#8220;off&#8220; always_center_on_mobile=&#8220;on&#8220; use_border_color=&#8220;off&#8220; border_color=&#8220;#ffffff&#8220; border_width=&#8220;1px&#8220; border_style=&#8220;solid&#8220; disabled=&#8220;off&#8220;] [\/et_pb_image][et_pb_text admin_label=&#8220;St\u00e4ndige Kommunikation &#8211; das A&amp;O in einem agilen Team&#8220; background_layout=&#8220;light&#8220; text_orientation=&#8220;center&#8220; use_border_color=&#8220;off&#8220; border_style=&#8220;solid&#8220; disabled=&#8220;off&#8220;]<\/p>\n<p><em>St\u00e4ndige Kommunikation &#8211; das A&amp;O in einem agilen Team<\/em><\/p>\n<p><em>\u00a0<\/em><\/p>\n<p>[\/et_pb_text][et_pb_text admin_label=&#8220;Absatz 3&#8243; background_layout=&#8220;light&#8220; text_orientation=&#8220;left&#8220; use_border_color=&#8220;off&#8220; border_style=&#8220;solid&#8220; disabled=&#8220;off&#8220;]<\/p>\n<h3><strong>Agile Leadership auf Organisationsebene<\/strong><\/h3>\n<p>Die Organisation als Gesamtheit muss f\u00fcr das Etablieren agiler Strukturen daf\u00fcr bereit sein, Hierarchien aufzuweichen und den Status quo zu hinterfragen beziehungsweise auch\u00a0von MitarbeiterInnen hinterfragen zu lassen. Wir erinnern uns: Was heute richtig ist, muss es morgen nicht mehr\u00a0sein. F\u00fcr die F\u00fchrungsebene eines Gro\u00dfunternehmens kann sich dieses st\u00e4ndige in Frage stellen kombiniert mit den flacheren Hierarchien nat\u00fcrlich im ersten Moment als Kontrollverlust pr\u00e4sentieren, der instinktiv eher zu vermeiden ist. Nicht selten sehe ich, dass sich ein Unternehmen an das Unterfangen Agile Leadership heranwagt und dann, wenn das volle Ausma\u00df bewusst wird, wieder einen Schritt zur\u00fcckgeht. Um auf Unternehmensebene wirklich agil zu werden, braucht es hier viel Offenheit und starkes Commitment dazu, sich von starren Regeln und Abl\u00e4ufen zu verabschieden.<\/p>\n<p>&nbsp;<\/p>\n<h2><strong>Die Rolle von F\u00fchrung und F\u00fchrungskraft in der agilen Welt<\/strong><\/h2>\n<p>Jetzt k\u00f6nnte man nat\u00fcrlich den Eindruck gewinnen, dass jegliche F\u00fchrung in dieser agilen Welt nutzlos bis kontraproduktiv geworden ist. Tats\u00e4chlich wird stark diskutiert, ob und wie weit klassische F\u00fchrung im agilen Setting noch sinnvoll ist. Ich pers\u00f6nlich bin der Meinung, dass es F\u00fchrung immer brauchen wird. Und zwar F\u00fchrung im Sinne von Steuerung und dem Setzen von Rahmenbedingungen. Was sich jedoch zunehmend \u00e4ndert, ist, dass F\u00fchrung in der agilen Arbeitswelt nicht mehr von einer Einzelperson ausgeht, sondern von mehreren. Es ist also nicht so wichtig, wer den Rahmen setzt, sondern nur, dass einer gesetzt wird. Das ist notwendig damit jeder wei\u00df, wie weit er\/sie gehen darf und was budget- und ressourcentechnisch m\u00f6glich ist. Es gibt also keine Abschaffung der klassischen F\u00fchrungskraft, sondern eher eine \u00c4nderung der Verteilung und Rollendefinition. F\u00fchren ist nicht mehr alleine die Aufgabe der F\u00fchrungskraft, sondern die von allen Teammitgliedern. Daf\u00fcr m\u00fcssen Einzelne bereit sein, Kontrolle an eine Gruppe abzugeben.<\/p>\n<p>&nbsp;<\/p>\n<h2><strong>Fazit: Richtige Selbstwahrnehmung als Grundvoraussetzung f\u00fcr Agile Leadership <\/strong><\/h2>\n<p>Je intensiver man sich mit dem Thema besch\u00e4ftigt, desto mehr wird man sich bewusst, dass Agile Leadership in erster Linie keine Toolbox oder Methode ist, die man einfach einf\u00fchren kann. Es handelt sich dabei um eine Geisteshaltung, die beim Einzelnen beginnt. Der Umgang aller Beteiligten miteinander und der Bezug zu den eigenen Aufgaben und dem Arbeiten im Allgemeinen stehen im Zentrum. Was treibt uns an? Wie arbeiten wir zusammen? Wie gehen wir miteinander um? Wie viel Transparenz lassen wir zu und wie viel Kontrolle sind wir bereit abzugeben?<\/p>\n<p>Erst wenn die Beantwortung all dieser Fragen in Richtung Agile Leadership zeigt und damit die richtige Selbstwahrnehmung herrscht \u2013 als Individuum, als Team und als Unternehmen \u2013 lohnt es sich wirklich, in die Einf\u00fchrung agiler Methoden zu investieren.<\/p>\n<p>[\/et_pb_text][\/et_pb_column][\/et_pb_row][et_pb_row admin_label=&#8220;Zeile&#8220; make_fullwidth=&#8220;off&#8220; use_custom_width=&#8220;off&#8220; width_unit=&#8220;off&#8220; custom_width_px=&#8220;1080px&#8220; custom_width_percent=&#8220;80%&#8220; use_custom_gutter=&#8220;off&#8220; gutter_width=&#8220;3&#8243; padding_mobile=&#8220;off&#8220; allow_player_pause=&#8220;off&#8220; parallax=&#8220;off&#8220; parallax_method=&#8220;on&#8220; make_equal=&#8220;off&#8220; column_padding_mobile=&#8220;on&#8220; parallax_1=&#8220;off&#8220; parallax_method_1=&#8220;on&#8220; parallax_2=&#8220;off&#8220; parallax_method_2=&#8220;on&#8220; parallax_3=&#8220;off&#8220; parallax_method_3=&#8220;on&#8220; parallax_4=&#8220;off&#8220; parallax_method_4=&#8220;on&#8220; disabled=&#8220;off&#8220;][et_pb_column type=&#8220;4_4&#8243;][et_pb_divider admin_label=&#8220;Divider pink&#8220; color=&#8220;#951d7d&#8220; show_divider=&#8220;on&#8220; divider_style=&#8220;solid&#8220; divider_position=&#8220;top&#8220; divider_weight=&#8220;1px&#8220; hide_on_mobile=&#8220;on&#8220; disabled=&#8220;off&#8220; global_module=&#8220;1612&#8243; saved_tabs=&#8220;all&#8220;] [\/et_pb_divider][et_pb_divider admin_label=&#8220;Divider&#8220; color=&#8220;#ffffff&#8220; height=&#8220;30&#8243; divider_style=&#8220;solid&#8220; divider_position=&#8220;top&#8220; divider_weight=&#8220;1px&#8220; hide_on_mobile=&#8220;on&#8220; disabled=&#8220;off&#8220;] [\/et_pb_divider][et_pb_text admin_label=&#8220;Was interessiert Sie als n\u00e4chstes?&#8220; background_layout=&#8220;light&#8220; text_orientation=&#8220;center&#8220; use_border_color=&#8220;off&#8220; border_style=&#8220;solid&#8220; disabled=&#8220;off&#8220;]<\/p>\n<h2>Was interessiert Sie als n\u00e4chstes?<\/h2>\n<p>[\/et_pb_text][\/et_pb_column][\/et_pb_row][et_pb_row admin_label=&#8220;Zeile&#8220; make_fullwidth=&#8220;off&#8220; use_custom_width=&#8220;off&#8220; width_unit=&#8220;off&#8220; custom_width_px=&#8220;1080px&#8220; custom_width_percent=&#8220;80%&#8220; use_custom_gutter=&#8220;off&#8220; gutter_width=&#8220;3&#8243; padding_mobile=&#8220;off&#8220; allow_player_pause=&#8220;off&#8220; parallax=&#8220;off&#8220; parallax_method=&#8220;on&#8220; make_equal=&#8220;off&#8220; column_padding_mobile=&#8220;on&#8220; parallax_1=&#8220;off&#8220; parallax_method_1=&#8220;on&#8220; parallax_2=&#8220;off&#8220; parallax_method_2=&#8220;on&#8220; parallax_3=&#8220;off&#8220; parallax_method_3=&#8220;on&#8220; parallax_4=&#8220;off&#8220; parallax_method_4=&#8220;on&#8220; disabled=&#8220;off&#8220;][et_pb_column type=&#8220;1_3&#8243;][et_pb_blurb admin_label=&#8220;Design Thinking&#8220; title=&#8220;Design Thinking erkl\u00e4rt&#8220; url=&#8220;https:\/\/blog.mdi-training.com\/de\/2017\/02\/03\/design-thinking\/&#8220; url_new_window=&#8220;on&#8220; use_icon=&#8220;off&#8220; font_icon=&#8220;%%194%%&#8220; icon_color=&#8220;#7EBEC5&#8243; use_circle=&#8220;off&#8220; circle_color=&#8220;#7EBEC5&#8243; use_circle_border=&#8220;off&#8220; circle_border_color=&#8220;#7EBEC5&#8243; image=&#8220;https:\/\/blog.mdi-training.com\/de\/wp-content\/uploads\/sites\/2\/2017\/02\/Design-Thinking-f\u00fcr-F\u00fchrungskr\u00e4fte.jpg&#8220; alt=&#8220;Design Thinking&#8220; icon_placement=&#8220;top&#8220; animation=&#8220;off&#8220; background_layout=&#8220;light&#8220; text_orientation=&#8220;left&#8220; use_icon_font_size=&#8220;off&#8220; icon_font_size=&#8220;96px&#8220; use_border_color=&#8220;off&#8220; border_color=&#8220;#ffffff&#8220; border_width=&#8220;1px&#8220; border_style=&#8220;solid&#8220; disabled=&#8220;off&#8220;]<\/p>\n<p>Was steckt hinter dem Hype und was kann das Konzept leisten? Design Thinking ist eine agile Innovations- und Probleml\u00f6sungsmethode die von Interdisziplinarit\u00e4t und flexiblem R\u00e4umen profitiert und darauf abzielt komplexe Problemstellungen auf eine unkonventionelle und strukturierte Art zu l\u00f6sen. Wir haben Trainerin Ursula Weixlbaumer-Norz zu diesem spannenden Thema interviewt.<\/p>\n<p><a href=\"https:\/\/blog.mdi-training.com\/de\/2017\/02\/03\/design-thinking\/\" target=\"_blank\"><strong>Mehr erfahren<\/strong><\/a><\/p>\n<p>[\/et_pb_blurb][\/et_pb_column][et_pb_column type=&#8220;1_3&#8243;][et_pb_blurb admin_label=&#8220;Video: Agile F\u00fchrung&#8220; title=&#8220;Video: Agile F\u00fchrung &#8211; Orientierung und Grundlagen&#8220; url=&#8220;https:\/\/blog.mdi-training.com\/de\/2017\/03\/02\/agile-fuehrung\/&#8220; url_new_window=&#8220;on&#8220; use_icon=&#8220;off&#8220; font_icon=&#8220;%%194%%&#8220; icon_color=&#8220;#7EBEC5&#8243; use_circle=&#8220;off&#8220; circle_color=&#8220;#7EBEC5&#8243; use_circle_border=&#8220;off&#8220; circle_border_color=&#8220;#7EBEC5&#8243; image=&#8220;https:\/\/blog.mdi-training.com\/de\/wp-content\/uploads\/sites\/2\/2017\/03\/Agile-F\u00fchrung-Orientierung-und-Grundlagen.jpg&#8220; alt=&#8220;Agile F\u00fchrung&#8220; icon_placement=&#8220;top&#8220; animation=&#8220;off&#8220; background_layout=&#8220;light&#8220; text_orientation=&#8220;left&#8220; use_icon_font_size=&#8220;off&#8220; icon_font_size=&#8220;96px&#8220; use_border_color=&#8220;off&#8220; border_color=&#8220;#ffffff&#8220; border_width=&#8220;1px&#8220; border_style=&#8220;solid&#8220; disabled=&#8220;off&#8220;]<\/p>\n<p>OKR, Kanban, Scrum, Design Thinking, Management 3.0, Lean Management &#8230; die Liste an Tools und Konzepten rund um Agile F\u00fchrung ist lang, der Begriff in aller Munde und naheliegend der Gedanke: Damit sollten wir uns jetzt auch besch\u00e4ftigten. Was aber bedeutet agile F\u00fchrung genau und wie sinnvoll ist der Einsatz von agilen Methoden im eigenen Unternehmen \u00fcberhaupt? Wir haben unsere Trainerin Alexandra Sock in einem Kurzinterview dazu befragt.<\/p>\n<p><a href=\"https:\/\/blog.mdi-training.com\/de\/2017\/03\/02\/agile-fuehrung\/\" target=\"_blank\"><strong>Mehr erfahren<\/strong><\/a><\/p>\n<p>[\/et_pb_blurb][\/et_pb_column][et_pb_column type=&#8220;1_3&#8243;][et_pb_blurb admin_label=&#8220;Blog: Emotionale F\u00fchrung&#8220; title=&#8220;Emotionale F\u00fchrung&#8220; url=&#8220;https:\/\/blog.mdi-training.com\/de\/2016\/06\/01\/emotionale-fuehrung\/&#8220; url_new_window=&#8220;on&#8220; use_icon=&#8220;off&#8220; font_icon=&#8220;%%194%%&#8220; icon_color=&#8220;#7EBEC5&#8243; use_circle=&#8220;off&#8220; circle_color=&#8220;#7EBEC5&#8243; use_circle_border=&#8220;off&#8220; circle_border_color=&#8220;#7EBEC5&#8243; image=&#8220;https:\/\/blog.mdi-training.com\/de\/wp-content\/uploads\/sites\/2\/2017\/02\/Emotionale-F\u00fchrung-Emotionen-erkennen-und-als-F\u00fchrungskraft-richtig-damit-umgehen.png&#8220; alt=&#8220;Emotionale F\u00fchrung&#8220; icon_placement=&#8220;top&#8220; animation=&#8220;off&#8220; background_layout=&#8220;light&#8220; text_orientation=&#8220;left&#8220; use_icon_font_size=&#8220;off&#8220; icon_font_size=&#8220;96px&#8220; use_border_color=&#8220;off&#8220; border_color=&#8220;#ffffff&#8220; border_width=&#8220;1px&#8220; border_style=&#8220;solid&#8220; disabled=&#8220;off&#8220;]<\/p>\n<p>Als F\u00fchrungskraft ist man tagt\u00e4glich mit unterschiedlichen Emotionen konfrontiert, nat\u00fcrlich mit positiven und negativen. Mittlerweile ist es kein Tabuthema mehr seine Gef\u00fchle offen zu zeigen, was einerseits neue Chancen er\u00f6ffnet, andererseits aber auch herausforderndsein kann. Wie kann ich als F\u00fchrungskraft also Emotionen erkennen und richtig damit umgehen?<\/p>\n<p><a href=\"https:\/\/blog.mdi-training.com\/de\/2016\/06\/01\/emotionale-fuehrung\/\" target=\"_blank\"><strong>Mehr erfahren<\/strong> <\/a><\/p>\n<p>[\/et_pb_blurb][\/et_pb_column][\/et_pb_row][\/et_pb_section]<\/p>\n","protected":false},"excerpt":{"rendered":"<p>Euphorie trifft auf Unsicherheit: In Bezug auf Agile Leadership kann man gro\u00dfe Begeisterung und viel Tatendrang am Markt beobachten. Immer \u00f6fter h\u00f6rt man aus Unternehmen, dass sie planen, agile Methoden einzuf\u00fchren. Bei genauerem Nachfragen wird aber meist auch viel Unsicherheit dar\u00fcber sp\u00fcrbar, was dieses agile Konzept eigentlich genau ist, was es f\u00fcr ein Unternehmen bedeutet [&hellip;]<\/p>\n","protected":false},"author":18,"featured_media":1964,"comment_status":"open","ping_status":"open","sticky":false,"template":"","format":"standard","meta":{"_et_pb_use_builder":"on","_et_pb_old_content":"","_et_gb_content_width":"","om_disable_all_campaigns":false,"footnotes":""},"categories":[53,41,1],"tags":[54,56,55],"class_list":["post-1957","post","type-post","status-publish","format-standard","has-post-thumbnail","hentry","category-agile-fuehrung","category-internationale-fuehrungskraefteentwicklung","category-training-development","tag-agile-leadership","tag-agiles-arbeiten","tag-agilitaet"],"yoast_head":"<!-- This site is optimized with the Yoast SEO plugin v27.0 - https:\/\/yoast.com\/product\/yoast-seo-wordpress\/ -->\n<title>Individuum, Team und Unternehmen \u2013 Agile Leadership auf drei Ebenen<\/title>\n<meta name=\"description\" content=\"Euphorie trifft auf Unsicherheit: Viele Unternehmen wollen agile Methoden einf\u00fchren - Doch was bedeutet Agile Leadership genau f\u00fcr ein Unternehmen?\" \/>\n<meta name=\"robots\" content=\"index, follow, max-snippet:-1, max-image-preview:large, max-video-preview:-1\" \/>\n<link rel=\"canonical\" href=\"https:\/\/blog.mdi-training.com\/de\/2017\/03\/15\/agile-leadership-auf-drei-ebenen\/\" \/>\n<meta property=\"og:locale\" content=\"de_DE\" \/>\n<meta property=\"og:type\" content=\"article\" \/>\n<meta property=\"og:title\" content=\"Individuum, Team und Unternehmen \u2013 Agile Leadership auf drei Ebenen\" \/>\n<meta property=\"og:description\" content=\"Euphorie trifft auf Unsicherheit: Viele Unternehmen wollen agile Methoden einf\u00fchren - Doch was bedeutet Agile Leadership genau f\u00fcr ein Unternehmen?\" \/>\n<meta property=\"og:url\" content=\"https:\/\/blog.mdi-training.com\/de\/2017\/03\/15\/agile-leadership-auf-drei-ebenen\/\" \/>\n<meta property=\"og:site_name\" content=\"F\u00fchrungskr\u00e4fteentwicklung\" \/>\n<meta property=\"article:published_time\" content=\"2017-03-15T13:00:32+00:00\" \/>\n<meta property=\"article:modified_time\" content=\"2017-03-30T14:54:13+00:00\" \/>\n<meta property=\"og:image\" content=\"https:\/\/blog.mdi-training.com\/de\/wp-content\/uploads\/sites\/2\/2017\/03\/Titelbild.jpg\" \/>\n\t<meta property=\"og:image:width\" content=\"1000\" \/>\n\t<meta property=\"og:image:height\" content=\"300\" \/>\n\t<meta property=\"og:image:type\" content=\"image\/jpeg\" \/>\n<meta name=\"twitter:label1\" content=\"Written by\" \/>\n\t<meta name=\"twitter:data1\" content=\"\" \/>\n\t<meta name=\"twitter:label2\" content=\"Est. reading time\" \/>\n\t<meta name=\"twitter:data2\" content=\"16 Minuten\" \/>\n<script type=\"application\/ld+json\" class=\"yoast-schema-graph\">{\"@context\":\"https:\/\/schema.org\",\"@graph\":[{\"@type\":\"Article\",\"@id\":\"https:\/\/blog.mdi-training.com\/de\/2017\/03\/15\/agile-leadership-auf-drei-ebenen\/#article\",\"isPartOf\":{\"@id\":\"https:\/\/blog.mdi-training.com\/de\/2017\/03\/15\/agile-leadership-auf-drei-ebenen\/\"},\"author\":{\"name\":\"\",\"@id\":\"\"},\"headline\":\"Individuum, Team und Unternehmen \u2013 Agile Leadership auf drei Ebenen\",\"datePublished\":\"2017-03-15T13:00:32+00:00\",\"dateModified\":\"2017-03-30T14:54:13+00:00\",\"mainEntityOfPage\":{\"@id\":\"https:\/\/blog.mdi-training.com\/de\/2017\/03\/15\/agile-leadership-auf-drei-ebenen\/\"},\"wordCount\":3132,\"commentCount\":0,\"image\":{\"@id\":\"https:\/\/blog.mdi-training.com\/de\/2017\/03\/15\/agile-leadership-auf-drei-ebenen\/#primaryimage\"},\"thumbnailUrl\":\"https:\/\/blog.mdi-training.com\/de\/wp-content\/uploads\/sites\/2\/2017\/03\/Titelbild.jpg\",\"keywords\":[\"Agile Leadership\",\"Agiles Arbeiten\",\"Agilit\u00e4t\"],\"articleSection\":[\"Agile F\u00fchrung\",\"Internationale F\u00fchrungskr\u00e4fteentwicklung\",\"Training Insights\"],\"inLanguage\":\"de-DE\",\"potentialAction\":[{\"@type\":\"CommentAction\",\"name\":\"Comment\",\"target\":[\"https:\/\/blog.mdi-training.com\/de\/2017\/03\/15\/agile-leadership-auf-drei-ebenen\/#respond\"]}]},{\"@type\":\"WebPage\",\"@id\":\"https:\/\/blog.mdi-training.com\/de\/2017\/03\/15\/agile-leadership-auf-drei-ebenen\/\",\"url\":\"https:\/\/blog.mdi-training.com\/de\/2017\/03\/15\/agile-leadership-auf-drei-ebenen\/\",\"name\":\"Individuum, Team und Unternehmen \u2013 Agile Leadership auf drei Ebenen\",\"isPartOf\":{\"@id\":\"https:\/\/blog.mdi-training.com\/de\/#website\"},\"primaryImageOfPage\":{\"@id\":\"https:\/\/blog.mdi-training.com\/de\/2017\/03\/15\/agile-leadership-auf-drei-ebenen\/#primaryimage\"},\"image\":{\"@id\":\"https:\/\/blog.mdi-training.com\/de\/2017\/03\/15\/agile-leadership-auf-drei-ebenen\/#primaryimage\"},\"thumbnailUrl\":\"https:\/\/blog.mdi-training.com\/de\/wp-content\/uploads\/sites\/2\/2017\/03\/Titelbild.jpg\",\"datePublished\":\"2017-03-15T13:00:32+00:00\",\"dateModified\":\"2017-03-30T14:54:13+00:00\",\"author\":{\"@id\":\"\"},\"description\":\"Euphorie trifft auf Unsicherheit: Viele Unternehmen wollen agile Methoden einf\u00fchren - Doch was bedeutet Agile Leadership genau f\u00fcr ein Unternehmen?\",\"breadcrumb\":{\"@id\":\"https:\/\/blog.mdi-training.com\/de\/2017\/03\/15\/agile-leadership-auf-drei-ebenen\/#breadcrumb\"},\"inLanguage\":\"de-DE\",\"potentialAction\":[{\"@type\":\"ReadAction\",\"target\":[\"https:\/\/blog.mdi-training.com\/de\/2017\/03\/15\/agile-leadership-auf-drei-ebenen\/\"]}]},{\"@type\":\"ImageObject\",\"inLanguage\":\"de-DE\",\"@id\":\"https:\/\/blog.mdi-training.com\/de\/2017\/03\/15\/agile-leadership-auf-drei-ebenen\/#primaryimage\",\"url\":\"https:\/\/blog.mdi-training.com\/de\/wp-content\/uploads\/sites\/2\/2017\/03\/Titelbild.jpg\",\"contentUrl\":\"https:\/\/blog.mdi-training.com\/de\/wp-content\/uploads\/sites\/2\/2017\/03\/Titelbild.jpg\",\"width\":1000,\"height\":300,\"caption\":\"Agile F\u00fchrung\"},{\"@type\":\"BreadcrumbList\",\"@id\":\"https:\/\/blog.mdi-training.com\/de\/2017\/03\/15\/agile-leadership-auf-drei-ebenen\/#breadcrumb\",\"itemListElement\":[{\"@type\":\"ListItem\",\"position\":1,\"name\":\"Home\",\"item\":\"https:\/\/blog.mdi-training.com\/de\/\"},{\"@type\":\"ListItem\",\"position\":2,\"name\":\"Individuum, Team und Unternehmen \u2013 Agile Leadership auf drei Ebenen\"}]},{\"@type\":\"WebSite\",\"@id\":\"https:\/\/blog.mdi-training.com\/de\/#website\",\"url\":\"https:\/\/blog.mdi-training.com\/de\/\",\"name\":\"F\u00fchrungskr\u00e4fteentwicklung\",\"description\":\"Blog \u00fcber F\u00fchrungskr\u00e4fteentwicklung, die wirkungsvoll, direkt on-the-job und somit nachhaltig zu Unternehmenserfolgen betr\u00e4gt. Geschrieben f\u00fcr HR ManagerInnen, PersonalentwicklerInnen und F\u00fchrungskr\u00e4fte selbst.\",\"potentialAction\":[{\"@type\":\"SearchAction\",\"target\":{\"@type\":\"EntryPoint\",\"urlTemplate\":\"https:\/\/blog.mdi-training.com\/de\/?s={search_term_string}\"},\"query-input\":{\"@type\":\"PropertyValueSpecification\",\"valueRequired\":true,\"valueName\":\"search_term_string\"}}],\"inLanguage\":\"de-DE\"},{\"@type\":\"Person\",\"@id\":\"\",\"url\":\"https:\/\/blog.mdi-training.com\/de\/author\/\"}]}<\/script>\n<!-- \/ Yoast SEO plugin. -->","yoast_head_json":{"title":"Individuum, Team und Unternehmen \u2013 Agile Leadership auf drei Ebenen","description":"Euphorie trifft auf Unsicherheit: Viele Unternehmen wollen agile Methoden einf\u00fchren - Doch was bedeutet Agile Leadership genau f\u00fcr ein Unternehmen?","robots":{"index":"index","follow":"follow","max-snippet":"max-snippet:-1","max-image-preview":"max-image-preview:large","max-video-preview":"max-video-preview:-1"},"canonical":"https:\/\/blog.mdi-training.com\/de\/2017\/03\/15\/agile-leadership-auf-drei-ebenen\/","og_locale":"de_DE","og_type":"article","og_title":"Individuum, Team und Unternehmen \u2013 Agile Leadership auf drei Ebenen","og_description":"Euphorie trifft auf Unsicherheit: Viele Unternehmen wollen agile Methoden einf\u00fchren - Doch was bedeutet Agile Leadership genau f\u00fcr ein Unternehmen?","og_url":"https:\/\/blog.mdi-training.com\/de\/2017\/03\/15\/agile-leadership-auf-drei-ebenen\/","og_site_name":"F\u00fchrungskr\u00e4fteentwicklung","article_published_time":"2017-03-15T13:00:32+00:00","article_modified_time":"2017-03-30T14:54:13+00:00","og_image":[{"width":1000,"height":300,"url":"https:\/\/blog.mdi-training.com\/de\/wp-content\/uploads\/sites\/2\/2017\/03\/Titelbild.jpg","type":"image\/jpeg"}],"twitter_misc":{"Written by":"","Est. reading time":"16 Minuten"},"schema":{"@context":"https:\/\/schema.org","@graph":[{"@type":"Article","@id":"https:\/\/blog.mdi-training.com\/de\/2017\/03\/15\/agile-leadership-auf-drei-ebenen\/#article","isPartOf":{"@id":"https:\/\/blog.mdi-training.com\/de\/2017\/03\/15\/agile-leadership-auf-drei-ebenen\/"},"author":{"name":"","@id":""},"headline":"Individuum, Team und Unternehmen \u2013 Agile Leadership auf drei Ebenen","datePublished":"2017-03-15T13:00:32+00:00","dateModified":"2017-03-30T14:54:13+00:00","mainEntityOfPage":{"@id":"https:\/\/blog.mdi-training.com\/de\/2017\/03\/15\/agile-leadership-auf-drei-ebenen\/"},"wordCount":3132,"commentCount":0,"image":{"@id":"https:\/\/blog.mdi-training.com\/de\/2017\/03\/15\/agile-leadership-auf-drei-ebenen\/#primaryimage"},"thumbnailUrl":"https:\/\/blog.mdi-training.com\/de\/wp-content\/uploads\/sites\/2\/2017\/03\/Titelbild.jpg","keywords":["Agile Leadership","Agiles Arbeiten","Agilit\u00e4t"],"articleSection":["Agile F\u00fchrung","Internationale F\u00fchrungskr\u00e4fteentwicklung","Training Insights"],"inLanguage":"de-DE","potentialAction":[{"@type":"CommentAction","name":"Comment","target":["https:\/\/blog.mdi-training.com\/de\/2017\/03\/15\/agile-leadership-auf-drei-ebenen\/#respond"]}]},{"@type":"WebPage","@id":"https:\/\/blog.mdi-training.com\/de\/2017\/03\/15\/agile-leadership-auf-drei-ebenen\/","url":"https:\/\/blog.mdi-training.com\/de\/2017\/03\/15\/agile-leadership-auf-drei-ebenen\/","name":"Individuum, Team und Unternehmen \u2013 Agile Leadership auf drei Ebenen","isPartOf":{"@id":"https:\/\/blog.mdi-training.com\/de\/#website"},"primaryImageOfPage":{"@id":"https:\/\/blog.mdi-training.com\/de\/2017\/03\/15\/agile-leadership-auf-drei-ebenen\/#primaryimage"},"image":{"@id":"https:\/\/blog.mdi-training.com\/de\/2017\/03\/15\/agile-leadership-auf-drei-ebenen\/#primaryimage"},"thumbnailUrl":"https:\/\/blog.mdi-training.com\/de\/wp-content\/uploads\/sites\/2\/2017\/03\/Titelbild.jpg","datePublished":"2017-03-15T13:00:32+00:00","dateModified":"2017-03-30T14:54:13+00:00","author":{"@id":""},"description":"Euphorie trifft auf Unsicherheit: Viele Unternehmen wollen agile Methoden einf\u00fchren - Doch was bedeutet Agile Leadership genau f\u00fcr ein Unternehmen?","breadcrumb":{"@id":"https:\/\/blog.mdi-training.com\/de\/2017\/03\/15\/agile-leadership-auf-drei-ebenen\/#breadcrumb"},"inLanguage":"de-DE","potentialAction":[{"@type":"ReadAction","target":["https:\/\/blog.mdi-training.com\/de\/2017\/03\/15\/agile-leadership-auf-drei-ebenen\/"]}]},{"@type":"ImageObject","inLanguage":"de-DE","@id":"https:\/\/blog.mdi-training.com\/de\/2017\/03\/15\/agile-leadership-auf-drei-ebenen\/#primaryimage","url":"https:\/\/blog.mdi-training.com\/de\/wp-content\/uploads\/sites\/2\/2017\/03\/Titelbild.jpg","contentUrl":"https:\/\/blog.mdi-training.com\/de\/wp-content\/uploads\/sites\/2\/2017\/03\/Titelbild.jpg","width":1000,"height":300,"caption":"Agile F\u00fchrung"},{"@type":"BreadcrumbList","@id":"https:\/\/blog.mdi-training.com\/de\/2017\/03\/15\/agile-leadership-auf-drei-ebenen\/#breadcrumb","itemListElement":[{"@type":"ListItem","position":1,"name":"Home","item":"https:\/\/blog.mdi-training.com\/de\/"},{"@type":"ListItem","position":2,"name":"Individuum, Team und Unternehmen \u2013 Agile Leadership auf drei Ebenen"}]},{"@type":"WebSite","@id":"https:\/\/blog.mdi-training.com\/de\/#website","url":"https:\/\/blog.mdi-training.com\/de\/","name":"F\u00fchrungskr\u00e4fteentwicklung","description":"Blog \u00fcber F\u00fchrungskr\u00e4fteentwicklung, die wirkungsvoll, direkt on-the-job und somit nachhaltig zu Unternehmenserfolgen betr\u00e4gt. Geschrieben f\u00fcr HR ManagerInnen, PersonalentwicklerInnen und F\u00fchrungskr\u00e4fte selbst.","potentialAction":[{"@type":"SearchAction","target":{"@type":"EntryPoint","urlTemplate":"https:\/\/blog.mdi-training.com\/de\/?s={search_term_string}"},"query-input":{"@type":"PropertyValueSpecification","valueRequired":true,"valueName":"search_term_string"}}],"inLanguage":"de-DE"},{"@type":"Person","@id":"","url":"https:\/\/blog.mdi-training.com\/de\/author\/"}]}},"_links":{"self":[{"href":"https:\/\/blog.mdi-training.com\/de\/wp-json\/wp\/v2\/posts\/1957","targetHints":{"allow":["GET"]}}],"collection":[{"href":"https:\/\/blog.mdi-training.com\/de\/wp-json\/wp\/v2\/posts"}],"about":[{"href":"https:\/\/blog.mdi-training.com\/de\/wp-json\/wp\/v2\/types\/post"}],"author":[{"embeddable":true,"href":"https:\/\/blog.mdi-training.com\/de\/wp-json\/wp\/v2\/users\/18"}],"replies":[{"embeddable":true,"href":"https:\/\/blog.mdi-training.com\/de\/wp-json\/wp\/v2\/comments?post=1957"}],"version-history":[{"count":22,"href":"https:\/\/blog.mdi-training.com\/de\/wp-json\/wp\/v2\/posts\/1957\/revisions"}],"predecessor-version":[{"id":1976,"href":"https:\/\/blog.mdi-training.com\/de\/wp-json\/wp\/v2\/posts\/1957\/revisions\/1976"}],"wp:featuredmedia":[{"embeddable":true,"href":"https:\/\/blog.mdi-training.com\/de\/wp-json\/wp\/v2\/media\/1964"}],"wp:attachment":[{"href":"https:\/\/blog.mdi-training.com\/de\/wp-json\/wp\/v2\/media?parent=1957"}],"wp:term":[{"taxonomy":"category","embeddable":true,"href":"https:\/\/blog.mdi-training.com\/de\/wp-json\/wp\/v2\/categories?post=1957"},{"taxonomy":"post_tag","embeddable":true,"href":"https:\/\/blog.mdi-training.com\/de\/wp-json\/wp\/v2\/tags?post=1957"}],"curies":[{"name":"wp","href":"https:\/\/api.w.org\/{rel}","templated":true}]}}